{"id":76189,"date":"2020-02-15T07:52:06","date_gmt":"2020-02-15T12:52:06","guid":{"rendered":"https:\/\/linitiative.ca\/International\/101656-plan-d-action-du-gouvernement-reanimer-l-education-physique-dans-les-ecoles\/"},"modified":"2020-02-15T07:52:06","modified_gmt":"2020-02-15T12:52:06","slug":"101656-plan-d-action-du-gouvernement-reanimer-l-education-physique-dans-les-ecoles","status":"publish","type":"post","link":"https:\/\/linitiative.ca\/International\/101656-plan-d-action-du-gouvernement-reanimer-l-education-physique-dans-les-ecoles\/","title":{"rendered":"Plan d&rsquo;action du gouvernement: \u00ab\u00a0r\u00e9animer\u00a0\u00bb l&rsquo;\u00e9ducation physique dans les \u00e9coles"},"content":{"rendered":"<div readability=\"40\">\n<p><strong>ALGER &#8211; Le pr\u00e9sident de la F\u00e9d\u00e9ration alg\u00e9rienne de sport scolaire (FASS), Abdelhafid Izem, a regrett\u00e9 le fait que l&rsquo;\u00e9ducation physique dans les \u00e9coles primaires a \u00ab\u00a0beaucoup r\u00e9gress\u00e9 pour devenir inexistante\u00a0\u00bb, esp\u00e9rant que le Plan d&rsquo;action du gouvernement, qui vise la promotion du sport en milieux scolaire et universitaire, va la \u00ab\u00a0r\u00e9animer\u00a0\u00bb.<\/strong><\/p>\n<\/div>\n<div readability=\"109.283993697\">\n<p>\u00ab\u00a0C&rsquo;est un constat amer qui est pr\u00e9judiciable \u00e0 la soci\u00e9t\u00e9, car les activit\u00e9s physiques peuvent aider non seulement les enfants dans leur d\u00e9veloppement, mais aussi l&rsquo;institution \u00e9ducative \u00e0 lutter contre beaucoup de fl\u00e9aux, \u00e0 l&rsquo;image de la drogue et de la violence\u00a0\u00bb, a indiqu\u00e9 Izem \u00e0 l&rsquo;APS, saluant la d\u00e9cision du gouvernement d&rsquo;accorder plus d&rsquo;importance \u00e0 l&rsquo;\u00e9ducation physique et sportive par \u00ab\u00a0le renforcement du parc infrastructurel et la mobilisation de ressources p\u00e9dagogiques\u00a0\u00bb, notamment au niveau des \u00e9coles primaires.<\/p>\n<p>Le plan d&rsquo;action du gouvernement, adopt\u00e9 jeudi par l&rsquo;Assembl\u00e9e populaire nationale (APN), s&rsquo;inscrit, dans son volet sportif, dans le cadre de la refonte de l&rsquo;organisation des activit\u00e9s physiques et sportives. Il vise la promotion d'\u00a0\u00bbune v\u00e9ritable politique de d\u00e9tection et de formation des jeunes talents sportifs, \u00e0 travers les structures sp\u00e9cialis\u00e9es cr\u00e9\u00e9es \u00e0 cet effet (lyc\u00e9es sportifs, centres de pr\u00e9paration de l&rsquo;\u00e9lite et \u00e9coles nationales), ainsi que le d\u00e9veloppement du sport professionnel qui s&rsquo;inscrit, \u00e9galement, dans la m\u00eame dynamique des objectifs strat\u00e9giques du plan d&rsquo;action du gouvernement\u00a0\u00bb.<\/p>\n<hr\/>\n<h3>Lire aussi:\u00a0<a href=\"http:\/\/www.aps.dz\/sport\/101403-mettre-en-place-une-veritable-politique-de-detection-des-jeunes-talents-sportifs\" target=\"_blank\" rel=\"noopener noreferrer\">Mettre en place une \u00ab\u00a0v\u00e9ritable\u00a0\u00bb politique de d\u00e9tection des jeunes talents sportifs<\/a><\/h3>\n<hr\/>\n<p>Pour le pr\u00e9sident de la FASS, le fait que le plan d&rsquo;action du gouvernement vise la promotion du sport en milieux scolaire et universitaire, \u00ab\u00a0d\u00e9note de la bonne volont\u00e9 de l&rsquo;Etat de mettre en place une v\u00e9ritable politique de d\u00e9tection et de formation de jeunes talents sportifs\u00a0\u00bb.<\/p>\n<blockquote readability=\"14\">\n<p><em><strong>\u00ab\u00a0Tout repose sur la volont\u00e9 politique de bien faire les choses, car le premier palier de l&rsquo;\u00e9ducation, \u00e0 savoir le scolaire, souffre \u00e9norm\u00e9ment et il est temps de le prendre en charge convenablement. A commencer par inclure l&rsquo;\u00e9ducation physique dans les programmes, puis chercher comment encadrer, aider et former les enseignants \u00e0 ce niveau dont le r\u00f4le est aussi important que celui dans les deux autres paliers (moyen et secondaire)\u00a0\u00bb, a-t-il conseill\u00e9.<\/strong><\/em><\/p>\n<\/blockquote>\n<p>\u00ab\u00a0Actuellement, nous tournons avec plus de 300.000 licenci\u00e9s dans les trois paliers (primaire, moyen et secondaire), sur un total de plus de 9 millions d&rsquo;\u00e9l\u00e8ves dont plus de 4 millions seulement en primaire. Je trouve ce nombre vraiment d\u00e9risoire pour un grand pays comme l&rsquo;Alg\u00e9rie, d&rsquo;autant plus qu&rsquo;on a les capacit\u00e9s de faire nettement mieux, si on arrive \u00e0 mettre les m\u00e9canismes qu&rsquo;il faut\u00a0\u00bb, a expliqu\u00e9 le pr\u00e9sident de la f\u00e9d\u00e9ration.<\/p>\n<p class=\"c30\"><strong>Revoir \u00e0 la baisse un programme d&rsquo;\u00e9tude \u00ab\u00a0trop charg\u00e9\u00a0\u00bb<\/strong><\/p>\n<p>Ce dernier a pr\u00e9conis\u00e9 \u00e9galement d&rsquo;organiser des comp\u00e9titions dans les \u00e9coles et m\u00eame entre \u00e9tablissements scolaires. Et ajouter : \u00ab\u00a0L&rsquo;implication des communes devrait \u00eatre aussi obligatoire en mettant leurs infrastructures sportives au service des \u00e9coliers\u00a0\u00bb.<\/p>\n<p>Le pr\u00e9sident de la FASS regrette \u00e9galement le manque d&rsquo;infrastructures qui reste le probl\u00e8me \u00ab\u00a0majeur\u00a0\u00bb au niveau des primaires et sont m\u00eame devenues impraticables, en plus de l&rsquo;encadrement qui n&rsquo;est pas \u00ab\u00a0totalement assur\u00e9\u00a0\u00bb et un programme \u00ab\u00a0trop charg\u00e9\u00a0\u00bb pour les \u00e9coliers.<\/p>\n<p>\u00ab\u00a0Autant de difficult\u00e9s qui freinent la redynamisation de l&rsquo;\u00e9ducation physique et sportive au niveau scolaire\u00a0\u00bb, a relev\u00e9 Izem, \u00e9galement secr\u00e9taire g\u00e9n\u00e9ral du Comit\u00e9 olympique et sportif alg\u00e9rien.<\/p>\n<hr\/>\n<h3>Lire aussi:\u00a0<a href=\"http:\/\/www.aps.dz\/sport\/96421-sport-scolaire-la-difficulte-sera-de-trouver-un-nombre-suffisant-d-encadreurs\" target=\"_blank\" rel=\"noopener noreferrer\">Sport scolaire: \u00ab\u00a0la difficult\u00e9 sera de trouver un nombre suffisant d&rsquo;encadreurs\u00a0\u00bb<\/a><\/h3>\n<hr\/>\n<blockquote readability=\"13\">\n<p><em><strong>Selon les objectifs du plan d&rsquo;action destin\u00e9 \u00e0 la mise en oeuvre du programme du pr\u00e9sident de la R\u00e9publique, Abdelmadjid Tebboune, la place et la mission de l&rsquo;\u00e9ducation physique et sportive seront renforc\u00e9es par \u00ab\u00a0la r\u00e9vision des rythmes d&rsquo;\u00e9tudes, le renforcement du parc infrastructurel et la mobilisation de ressources p\u00e9dagogiques, notamment au niveau du premier palier qui constitue un v\u00e9ritable vivier pour l&rsquo;\u00e9mergence des jeunes talents sportifs, garants du renouvellement de l&rsquo;\u00e9lite sportive nationale\u00a0\u00bb.<\/strong><\/em><\/p>\n<\/blockquote>\n<p>L&rsquo;autre probl\u00e8me qui freine une meilleure prise en charge de la pratique sportive au niveau des \u00e9coles, est l&rsquo;application non-optimale des multiples conventions liant le minist\u00e8re de l&rsquo;Education nationale et celui de la Jeunesse et des Sports, dans l&rsquo;optique d&rsquo;un d\u00e9veloppement \u00ab\u00a0r\u00e9el\u00a0\u00bb du sport dans les trois paliers, selon le patron de la FASS.<\/p>\n<p>\u00ab\u00a0Les choses sont tr\u00e8s complexes certes, mais tant que des solutions existent et la volont\u00e9 politique suit, le sport scolaire peut amorcer son retour et avoir un meilleur avenir\u00a0\u00bb, a esp\u00e9r\u00e9 Izem.<\/p>\n<\/div>\n<p>Auteur:<br \/>\n<a href=\"http:\/\/www.aps.dz\/sport\/101656-plan-d-action-du-gouvernement-reanimer-l-education-physique-dans-les-ecoles?utm_source=feedburner&#038;utm_medium=feed&#038;utm_campaign=Feed%3A+aps-sport+%28APS+-+SPORT%29\">Cliquez ici pour lire l&rsquo;article depuis sa source.<\/a><\/p>\n","protected":false},"excerpt":{"rendered":"<p>ALGER &#8211; Le pr\u00e9sident de la F\u00e9d\u00e9ration alg\u00e9rienne de sport scolaire (FASS), Abdelhafid Izem, a regrett\u00e9 le fait que l&rsquo;\u00e9ducation physique dans les \u00e9coles primaires a \u00ab\u00a0beaucoup r\u00e9gress\u00e9 pour devenir inexistante\u00a0\u00bb, esp\u00e9rant que le Plan d&rsquo;action du gouvernement, qui vise la promotion du sport en milieux scolaire et universitaire, va la \u00ab\u00a0r\u00e9animer\u00a0\u00bb. \u00ab\u00a0C&rsquo;est un constat [&hellip;]<\/p>\n","protected":false},"author":1790,"featured_media":0,"comment_status":"closed","ping_status":"closed","sticky":false,"template":"","format":"standard","meta":{"fifu_image_url":"","fifu_image_alt":"","footnotes":""},"categories":[53,75],"tags":[],"class_list":["post-76189","post","type-post","status-publish","format-standard","hentry","category-algerie","category-sport"],"_links":{"self":[{"href":"https:\/\/linitiative.ca\/International\/wp-json\/wp\/v2\/posts\/76189","targetHints":{"allow":["GET"]}}],"collection":[{"href":"https:\/\/linitiative.ca\/International\/wp-json\/wp\/v2\/posts"}],"about":[{"href":"https:\/\/linitiative.ca\/International\/wp-json\/wp\/v2\/types\/post"}],"author":[{"embeddable":true,"href":"https:\/\/linitiative.ca\/International\/wp-json\/wp\/v2\/users\/1790"}],"replies":[{"embeddable":true,"href":"https:\/\/linitiative.ca\/International\/wp-json\/wp\/v2\/comments?post=76189"}],"version-history":[{"count":0,"href":"https:\/\/linitiative.ca\/International\/wp-json\/wp\/v2\/posts\/76189\/revisions"}],"wp:attachment":[{"href":"https:\/\/linitiative.ca\/International\/wp-json\/wp\/v2\/media?parent=76189"}],"wp:term":[{"taxonomy":"category","embeddable":true,"href":"https:\/\/linitiative.ca\/International\/wp-json\/wp\/v2\/categories?post=76189"},{"taxonomy":"post_tag","embeddable":true,"href":"https:\/\/linitiative.ca\/International\/wp-json\/wp\/v2\/tags?post=76189"}],"curies":[{"name":"wp","href":"https:\/\/api.w.org\/{rel}","templated":true}]}}