{"id":76191,"date":"2020-02-15T11:00:13","date_gmt":"2020-02-15T16:00:13","guid":{"rendered":"https:\/\/linitiative.ca\/International\/101666-creation-de-la-federation-algerienne-de-koshiki-exhibitions-inaugurales-a-alger\/"},"modified":"2020-02-15T11:00:13","modified_gmt":"2020-02-15T16:00:13","slug":"101666-creation-de-la-federation-algerienne-de-koshiki-exhibitions-inaugurales-a-alger","status":"publish","type":"post","link":"https:\/\/linitiative.ca\/International\/101666-creation-de-la-federation-algerienne-de-koshiki-exhibitions-inaugurales-a-alger\/","title":{"rendered":"Cr\u00e9ation de la F\u00e9d\u00e9ration alg\u00e9rienne de koshiki: exhibitions inaugurales \u00e0 Alger"},"content":{"rendered":"<div readability=\"37\">\n<p><strong>ALGER- Pr\u00e8s de 130 athl\u00e8tes de la discipline koshiki, issus de diff\u00e9rentes cat\u00e9gories d&rsquo;\u00e2ge, ont effectu\u00e9 samedi \u00e0 la Coupole du complexe olympique Mohamed-Boudiaf (Alger) des exhibitions de cet art martial, \u00e0 l&rsquo;occasion de la cr\u00e9ation de la F\u00e9d\u00e9ration alg\u00e9rienne de koshiki.<\/strong><\/p>\n<\/div>\n<div readability=\"87\">\n<p>\u00ab\u00a0Nous avons organis\u00e9 ces exhibitions apr\u00e8s avoir obtenu officiellement notre agr\u00e9ment, afin de marquer le retour de ce sport de combat en Alg\u00e9rie o\u00f9 il \u00e9tait pratiqu\u00e9 depuis 1989\u00a0\u00bb, a d\u00e9clar\u00e9 Salah Daoud, pr\u00e9sident de la F\u00e9d\u00e9ration alg\u00e9rienne de koshiki, cr\u00e9\u00e9e le 29 d\u00e9cembre 2019.<\/p>\n<blockquote readability=\"13\">\n<p><em><strong>\u00ab\u00a0A travers cette manifestation, nous voulons transmettre un message au public et lui dire que le koshiki a des racines en Alg\u00e9rie, car existant depuis la fin des ann\u00e9es 1980. C&rsquo;est une discipline pratiqu\u00e9e au niveau de 20 wilayas. On recense une cinquantaine de clubs, repr\u00e9sent\u00e9s par pr\u00e8s d&rsquo;un millier d&rsquo;athl\u00e8tes\u00a0\u00bb, a ajout\u00e9 Salah Daoud qui est \u00e9galement pr\u00e9sident de la section Karat\u00e9-Koshiki. \u00ab\u00a0Nous allons aussi proc\u00e9der \u00e0 la cr\u00e9ation des ligues\u00a0\u00bb, a-t-il dit.<\/strong><\/em><\/p>\n<\/blockquote>\n<p>Selon le pr\u00e9sident de la F\u00e9d\u00e9ration alg\u00e9rienne de koshiki, \u00ab\u00a0l&rsquo;objectif de la F\u00e9d\u00e9ration consiste \u00e9galement \u00e0 d\u00e9velopper davantage cette discipline dans le sud du pays o\u00f9 plusieurs clubs encadrent d\u00e9j\u00e0 la pratique du koshiki (&#8230;) Nous disposons maintenant de notre propre f\u00e9d\u00e9ration et nous projetons de redorer le blason de cette discipline aussi bien en Alg\u00e9rie qu&rsquo;\u00e0 l&rsquo;\u00e9tranger\u00a0\u00bb.<\/p>\n<p>Le responsable de l&rsquo;instance f\u00e9d\u00e9rale a tenu \u00e0 rappeler que l&rsquo;Alg\u00e9rie disposait d&rsquo;athl\u00e8tes champions du monde, tels Ayad Dekkar, Kamel Guerni, Cherif Kamel et le fondateur du koshiki en Alg\u00e9rie, Mourad Ouali. \u00ab\u00a0Nous ambitionnons de former, \u00e0 notre tour, de nouveaux champions\u00a0\u00bb.<\/p>\n<p>La F\u00e9d\u00e9ration alg\u00e9rienne s&rsquo;att\u00e8le actuellement \u00e0 la mise sur pied de commissions charg\u00e9es de : l&rsquo;Organisation, des Comp\u00e9titions, des Examens de passage de grades, des Medias, outre la commission technique.<\/p>\n<blockquote readability=\"13\">\n<p><em><strong>De son c\u00f4t\u00e9, l&rsquo;entra\u00eeneur national de koshiki, Ayad Dekkar, a indiqu\u00e9 que \u00ab\u00a0la manifestation d&rsquo;aujourd&rsquo;hui se veut une opportunit\u00e9 pour rassembler la famille du koshiki alg\u00e9rien et montrer que ce sport existe toujours sur le terrain, sachant qu&rsquo;il \u00e9tait chapeaut\u00e9 depuis 1990 par la F\u00e9d\u00e9ration alg\u00e9rienne de karat\u00e9-do et ce jusqu&rsquo;\u00e0 2002, ann\u00e9e de la s\u00e9paration\u00a0\u00bb.<\/strong><\/em><\/p>\n<\/blockquote>\n<p>\u00ab\u00a0Le koshiki est rest\u00e9 ensuite sans f\u00e9d\u00e9ration, de 2002 \u00e0 2019, ann\u00e9e de la cr\u00e9ation de notre propre instance f\u00e9d\u00e9rale. M\u00eame si nous nous dirigeons vers la fin de la saison, nous allons organiser avant juillet prochain, les championnats benjamins et minimes, ensuite ceux des cadets, juniors et seniors\u00a0\u00bb, a poursuivi Ayad Dekkar, faisant savoir, pour conclure, que les activit\u00e9s pr\u00e9vues \u00e0 la fin de cet exercice constituent une \u00e9tape pr\u00e9paratoire \u00e0 la prochaine saison 2020-2021.<\/p>\n<\/div>\n<p>Auteur:<br \/>\n<a href=\"http:\/\/www.aps.dz\/sport\/101666-creation-de-la-federation-algerienne-de-koshiki-exhibitions-inaugurales-a-alger?utm_source=feedburner&#038;utm_medium=feed&#038;utm_campaign=Feed%3A+aps-sport+%28APS+-+SPORT%29\">Cliquez ici pour lire l&rsquo;article depuis sa source.<\/a><\/p>\n","protected":false},"excerpt":{"rendered":"<p>ALGER- Pr\u00e8s de 130 athl\u00e8tes de la discipline koshiki, issus de diff\u00e9rentes cat\u00e9gories d&rsquo;\u00e2ge, ont effectu\u00e9 samedi \u00e0 la Coupole du complexe olympique Mohamed-Boudiaf (Alger) des exhibitions de cet art martial, \u00e0 l&rsquo;occasion de la cr\u00e9ation de la F\u00e9d\u00e9ration alg\u00e9rienne de koshiki. \u00ab\u00a0Nous avons organis\u00e9 ces exhibitions apr\u00e8s avoir obtenu officiellement notre agr\u00e9ment, afin de [&hellip;]<\/p>\n","protected":false},"author":1790,"featured_media":0,"comment_status":"closed","ping_status":"closed","sticky":false,"template":"","format":"standard","meta":{"fifu_image_url":"","fifu_image_alt":"","footnotes":""},"categories":[53,75],"tags":[],"class_list":["post-76191","post","type-post","status-publish","format-standard","hentry","category-algerie","category-sport"],"_links":{"self":[{"href":"https:\/\/linitiative.ca\/International\/wp-json\/wp\/v2\/posts\/76191","targetHints":{"allow":["GET"]}}],"collection":[{"href":"https:\/\/linitiative.ca\/International\/wp-json\/wp\/v2\/posts"}],"about":[{"href":"https:\/\/linitiative.ca\/International\/wp-json\/wp\/v2\/types\/post"}],"author":[{"embeddable":true,"href":"https:\/\/linitiative.ca\/International\/wp-json\/wp\/v2\/users\/1790"}],"replies":[{"embeddable":true,"href":"https:\/\/linitiative.ca\/International\/wp-json\/wp\/v2\/comments?post=76191"}],"version-history":[{"count":0,"href":"https:\/\/linitiative.ca\/International\/wp-json\/wp\/v2\/posts\/76191\/revisions"}],"wp:attachment":[{"href":"https:\/\/linitiative.ca\/International\/wp-json\/wp\/v2\/media?parent=76191"}],"wp:term":[{"taxonomy":"category","embeddable":true,"href":"https:\/\/linitiative.ca\/International\/wp-json\/wp\/v2\/categories?post=76191"},{"taxonomy":"post_tag","embeddable":true,"href":"https:\/\/linitiative.ca\/International\/wp-json\/wp\/v2\/tags?post=76191"}],"curies":[{"name":"wp","href":"https:\/\/api.w.org\/{rel}","templated":true}]}}