{"id":76193,"date":"2020-02-15T11:26:00","date_gmt":"2020-02-15T16:26:00","guid":{"rendered":"https:\/\/linitiative.ca\/International\/education-lunpef-annonce-une-greve-le-26-fevrier\/"},"modified":"2020-02-15T11:26:00","modified_gmt":"2020-02-15T16:26:00","slug":"education-lunpef-annonce-une-greve-le-26-fevrier","status":"publish","type":"post","link":"https:\/\/linitiative.ca\/International\/education-lunpef-annonce-une-greve-le-26-fevrier\/","title":{"rendered":"EDUCATION  : L\u2019UNPEF annonce  une gr\u00e8ve le 26 f\u00e9vrier"},"content":{"rendered":"<p><br id=\"sep_para_1\" class=\"sep_para access\"\/><\/p>\n<div id=\"para_1\" class=\"para_35552808 resize\">\n<div class=\"texte access firstletter\">L\u2019Union nationale du personnel de l\u2019\u00e9ducation et de la formation (Unpef) a annonc\u00e9, dans un communiqu\u00e9, une gr\u00e8ve nationale mercredi 26 f\u00e9vrier 2020. Le syndicat en question r\u00e9clame la r\u00e9vision du statut particulier du personnel de l\u2019\u00e9ducation, qui garantira l\u2019ind\u00e9pendance du secteur par rapport \u00e0 la fonction publique,\u00a0 la r\u00e9vision des salaires et les primes octroy\u00e9es aux enseignants. Parmi d\u2019autres revendications socioprofessionnelles, l\u2019Unpef, revendique le droit \u00e0 une retraite proportionnelle et sans condition d\u2019\u00e2ge et demande au Minist\u00e8re de r\u00e9pondre aux revendications l\u00e9gitimes des enseignants du primaire. L\u2019UNPEF exige l\u2019am\u00e9lioration des conditions sociales des corps communs, la relance du dossier de la m\u00e9decine du travail dans les \u00e9tablissements scolaires et la r\u00e9vision des lois relatives \u00e0 la protection sociale. Et de revoir la date d\u2019entr\u00e9e et de sortie des vacances d\u2019\u00e9t\u00e9 dans le sud et la r\u00e9vision de la loi 14\/90 concernant l\u2019exercice du droit syndical.\u00a0\u00a0<\/div>\n<\/div>\n<p>Auteur: Ismain<br \/>\n<a href=\"https:\/\/www.reflexiondz.net\/EDUCATION-L-UNPEF-annonce-une-greve-le-26-fevrier_a60659.html\">Cliquez ici pour lire l&rsquo;article depuis sa source.<\/a><\/p>\n","protected":false},"excerpt":{"rendered":"<p>L\u2019Union nationale du personnel de l\u2019\u00e9ducation et de la formation (Unpef) a annonc\u00e9, dans un communiqu\u00e9, une gr\u00e8ve nationale mercredi 26 f\u00e9vrier 2020. Le syndicat en question r\u00e9clame la r\u00e9vision du statut particulier du personnel de l\u2019\u00e9ducation, qui garantira l\u2019ind\u00e9pendance du secteur par rapport \u00e0 la fonction publique,\u00a0 la r\u00e9vision des salaires et les primes [&hellip;]<\/p>\n","protected":false},"author":1740,"featured_media":0,"comment_status":"closed","ping_status":"closed","sticky":false,"template":"","format":"standard","meta":{"fifu_image_url":"","fifu_image_alt":"","footnotes":""},"categories":[53,76],"tags":[],"class_list":["post-76193","post","type-post","status-publish","format-standard","hentry","category-algerie","category-regions"],"_links":{"self":[{"href":"https:\/\/linitiative.ca\/International\/wp-json\/wp\/v2\/posts\/76193","targetHints":{"allow":["GET"]}}],"collection":[{"href":"https:\/\/linitiative.ca\/International\/wp-json\/wp\/v2\/posts"}],"about":[{"href":"https:\/\/linitiative.ca\/International\/wp-json\/wp\/v2\/types\/post"}],"author":[{"embeddable":true,"href":"https:\/\/linitiative.ca\/International\/wp-json\/wp\/v2\/users\/1740"}],"replies":[{"embeddable":true,"href":"https:\/\/linitiative.ca\/International\/wp-json\/wp\/v2\/comments?post=76193"}],"version-history":[{"count":0,"href":"https:\/\/linitiative.ca\/International\/wp-json\/wp\/v2\/posts\/76193\/revisions"}],"wp:attachment":[{"href":"https:\/\/linitiative.ca\/International\/wp-json\/wp\/v2\/media?parent=76193"}],"wp:term":[{"taxonomy":"category","embeddable":true,"href":"https:\/\/linitiative.ca\/International\/wp-json\/wp\/v2\/categories?post=76193"},{"taxonomy":"post_tag","embeddable":true,"href":"https:\/\/linitiative.ca\/International\/wp-json\/wp\/v2\/tags?post=76193"}],"curies":[{"name":"wp","href":"https:\/\/api.w.org\/{rel}","templated":true}]}}