{"id":76194,"date":"2020-02-15T11:26:00","date_gmt":"2020-02-15T16:26:00","guid":{"rendered":"https:\/\/linitiative.ca\/International\/visite-de-lemir-du-qatar-une-intox\/"},"modified":"2020-02-15T11:26:00","modified_gmt":"2020-02-15T16:26:00","slug":"visite-de-lemir-du-qatar-une-intox","status":"publish","type":"post","link":"https:\/\/linitiative.ca\/International\/visite-de-lemir-du-qatar-une-intox\/","title":{"rendered":"Visite de l\u2019Emir du Qatar : une intox"},"content":{"rendered":"<p><br id=\"sep_para_1\" class=\"sep_para access\"\/><\/p>\n<div id=\"para_1\" class=\"para_35552873 resize\">\n<div class=\"texte access firstletter\">L\u2019\u00e9mir de l\u2019Etat du Qatar, Cheikh Tamim Ben Hamad Al-Thani, n\u2019effectuera pas une visite officielle en Alg\u00e9rie le 24 f\u00e9vrier, comme annonc\u00e9 par le site Alg24. En effet, l\u2019information relay\u00e9e sur la visite de l\u2019\u00e9mir de l\u2019Etat du Qatar, n\u2019est que pure intox. Sur les r\u00e9seaux sociaux, il a \u00e9t\u00e9 relay\u00e9 que cette visite est intervenue \u00e0 la demande de Cheikh Tamim, pour rencontrer le pr\u00e9sident de la R\u00e9publique, Abdelmadjid Tebboune, ajoutant : \u2018\u2019cette visite sera l\u2019occasion pour le pr\u00e9sident de la R\u00e9publique d\u2019examiner avec l\u2019Emir de l\u2019Etat du Qatar les voies et moyens de consolider et promouvoir\u00a0 les relations bilat\u00e9rales dans divers domaines de mani\u00e8re \u00e0 r\u00e9pondre aux attentes\u00a0 des deux peuples fr\u00e8res\u2019\u2019.<\/div>\n<\/div>\n<p>Auteur: R\u00e9flexion<br \/>\n<a href=\"https:\/\/www.reflexiondz.net\/Visite-de-l-Emir-du-Qatar-une-intox_a60663.html\">Cliquez ici pour lire l&rsquo;article depuis sa source.<\/a><\/p>\n","protected":false},"excerpt":{"rendered":"<p>L\u2019\u00e9mir de l\u2019Etat du Qatar, Cheikh Tamim Ben Hamad Al-Thani, n\u2019effectuera pas une visite officielle en Alg\u00e9rie le 24 f\u00e9vrier, comme annonc\u00e9 par le site Alg24. En effet, l\u2019information relay\u00e9e sur la visite de l\u2019\u00e9mir de l\u2019Etat du Qatar, n\u2019est que pure intox. Sur les r\u00e9seaux sociaux, il a \u00e9t\u00e9 relay\u00e9 que cette visite est [&hellip;]<\/p>\n","protected":false},"author":1740,"featured_media":0,"comment_status":"closed","ping_status":"closed","sticky":false,"template":"","format":"standard","meta":{"fifu_image_url":"","fifu_image_alt":"","footnotes":""},"categories":[53,76],"tags":[],"class_list":["post-76194","post","type-post","status-publish","format-standard","hentry","category-algerie","category-regions"],"_links":{"self":[{"href":"https:\/\/linitiative.ca\/International\/wp-json\/wp\/v2\/posts\/76194","targetHints":{"allow":["GET"]}}],"collection":[{"href":"https:\/\/linitiative.ca\/International\/wp-json\/wp\/v2\/posts"}],"about":[{"href":"https:\/\/linitiative.ca\/International\/wp-json\/wp\/v2\/types\/post"}],"author":[{"embeddable":true,"href":"https:\/\/linitiative.ca\/International\/wp-json\/wp\/v2\/users\/1740"}],"replies":[{"embeddable":true,"href":"https:\/\/linitiative.ca\/International\/wp-json\/wp\/v2\/comments?post=76194"}],"version-history":[{"count":0,"href":"https:\/\/linitiative.ca\/International\/wp-json\/wp\/v2\/posts\/76194\/revisions"}],"wp:attachment":[{"href":"https:\/\/linitiative.ca\/International\/wp-json\/wp\/v2\/media?parent=76194"}],"wp:term":[{"taxonomy":"category","embeddable":true,"href":"https:\/\/linitiative.ca\/International\/wp-json\/wp\/v2\/categories?post=76194"},{"taxonomy":"post_tag","embeddable":true,"href":"https:\/\/linitiative.ca\/International\/wp-json\/wp\/v2\/tags?post=76194"}],"curies":[{"name":"wp","href":"https:\/\/api.w.org\/{rel}","templated":true}]}}