{"id":76195,"date":"2020-02-15T11:26:00","date_gmt":"2020-02-15T16:26:00","guid":{"rendered":"https:\/\/linitiative.ca\/International\/lepouse-de-anis-rahmani-demande-la-clemence-de-tebboune\/"},"modified":"2020-02-15T11:26:00","modified_gmt":"2020-02-15T16:26:00","slug":"lepouse-de-anis-rahmani-demande-la-clemence-de-tebboune","status":"publish","type":"post","link":"https:\/\/linitiative.ca\/International\/lepouse-de-anis-rahmani-demande-la-clemence-de-tebboune\/","title":{"rendered":"L\u2019\u00e9pouse de Anis Rahmani demande la cl\u00e9mence de Tebboune"},"content":{"rendered":"<p><br id=\"sep_para_1\" class=\"sep_para access\"\/><\/p>\n<div id=\"para_1\" class=\"para_35552872 resize\">\n<div class=\"photo shadow left\"><a href=\"javascript:void(0)\" rel=\"https:\/\/www.reflexiondz.net\/photo\/art\/grande\/42802007-35552872.jpg?v=1581791349&#038;ibox\" title=\"L\u2019\u00e9pouse de Anis Rahmani demande la cl\u00e9mence de Tebboune\"><img decoding=\"async\" class=\"responsive c9\" src=\"https:\/\/www.reflexiondz.net\/photo\/art\/grande\/42802007-35552872.jpg?v=1581791349\" alt=\"L\u2019\u00e9pouse de Anis Rahmani demande la cl\u00e9mence de Tebboune\" title=\"L\u2019\u00e9pouse de Anis Rahmani demande la cl\u00e9mence de Tebboune\"\/><img decoding=\"async\" class=\"not-responsive\" src=\"https:\/\/www.reflexiondz.net\/photo\/art\/default\/42802007-35552872.jpg?v=1581791350\" alt=\"L\u2019\u00e9pouse de Anis Rahmani demande la cl\u00e9mence de Tebboune\" title=\"L\u2019\u00e9pouse de Anis Rahmani demande la cl\u00e9mence de Tebboune\"\/><\/a><\/div>\n<div class=\"texte access firstletter\">Souad Azouz, journaliste et \u00e9pouse du directeur g\u00e9n\u00e9ral du groupe Ennahar, Anis Rahmani s\u2019est adress\u00e9e au pr\u00e9sident de la R\u00e9publique Abdelmadjid Tebboune dans une lettre ouverte publi\u00e9e sur le site Ennahar Online. \u00ab Vous n\u2019\u00eates pas sans savoir la situation suite \u00e0 la mise en d\u00e9tention provisoire du DG du groupe Ennahar. Je ne voudrais pas, dans cette pr\u00e9sente lettre, m\u2019approfondir dans des d\u00e9tails d\u2019ordre judiciaire, ni mettre en doute la cr\u00e9dibilit\u00e9 de la justice. Mon \u00e9poux, directeur g\u00e9n\u00e9ral du groupe Ennahar croyait toujours en l\u2019adage qui dit que \u00ab Mon pays m\u2019est cher m\u00eame s\u2019il me l\u00e8se, les miens restent g\u00e9n\u00e9reux m\u00eame s\u2019ils pensent du mal de moi \u00bb. \u00e9crit-elle dans sa lettre adress\u00e9e au Pr\u00e9sident de la R\u00e9publique au lendemain de la mise en d\u00e9tention provisoire d\u2019Anis Rahmani. \u00ab Monsieur le Pr\u00e9sident de la R\u00e9publique, vous \u00eates le premier magistrat du pays, nous comptons sur votre humanisme afin de vous demander d\u2019intervenir pour att\u00e9nuer notre souffrance. \u00bb ajoute-t-elle dans sa lettre. Par ailleurs, on apprend d\u2019une source m\u00e9diatique que les services secrets alg\u00e9riens, l&rsquo;ex-DRS, vont r\u00e9activer les poursuites judiciaires \u00e0 l&rsquo;encontre d&rsquo;Anis Rahmani pour atteinte grave \u00e0 corps constitu\u00e9 \u00e0 la suite de la diffusion le 9 octobre 2019 de l&rsquo;enregistrement de sa communication t\u00e9l\u00e9phonique avec le colonel Smail, un haut grad\u00e9 du DRS, et ex-chef du centre op\u00e9rationnel Antar \u00e0 Ben Aknoun. Aujourd&rsquo;hui, rien ne peut bloquer cette action judiciaire d&rsquo;autant plus que les deux principales branches des services secrets alg\u00e9riens, la direction g\u00e9n\u00e9rale de la s\u00e9curit\u00e9 int\u00e9rieure (DGSI) et la direction g\u00e9n\u00e9rale de la s\u00e9curit\u00e9 ext\u00e9rieure (DGSE) ont \u00e9t\u00e9 rattach\u00e9es de nouveau \u00e0 la Pr\u00e9sidence de la R\u00e9publique depuis l&rsquo;arriv\u00e9e au pouvoir d&rsquo;Abdelmadjid Tebboune. Apr\u00e8s avoir b\u00e9n\u00e9fici\u00e9 de l&rsquo;impunit\u00e9 pendant des ann\u00e9es, Anis Rahmani est rattrap\u00e9 par son pass\u00e9 et cette future affaire judiciaire concernant l&rsquo;enregistrement audio d&rsquo;un officier du DRS d\u00e9voil\u00e9 sur sa t\u00e9l\u00e9vision Ennahar TV va provoquer certainement l&rsquo;un des plus gros scandales de l&rsquo;Alg\u00e9rie contemporaine.<\/div>\n<\/div>\n<p>Auteur: R\u00e9flexion<br \/>\n<a href=\"https:\/\/www.reflexiondz.net\/L-epouse-de-Anis-Rahmani-demande-la-clemence-de-Tebboune_a60662.html\">Cliquez ici pour lire l&rsquo;article depuis sa source.<\/a><\/p>\n","protected":false},"excerpt":{"rendered":"<p>Souad Azouz, journaliste et \u00e9pouse du directeur g\u00e9n\u00e9ral du groupe Ennahar, Anis Rahmani s\u2019est adress\u00e9e au pr\u00e9sident de la R\u00e9publique Abdelmadjid Tebboune dans une lettre ouverte publi\u00e9e sur le site Ennahar Online. \u00ab Vous n\u2019\u00eates pas sans savoir la situation suite \u00e0 la mise en d\u00e9tention provisoire du DG du groupe Ennahar. Je ne voudrais [&hellip;]<\/p>\n","protected":false},"author":1740,"featured_media":0,"comment_status":"closed","ping_status":"closed","sticky":false,"template":"","format":"standard","meta":{"fifu_image_url":"","fifu_image_alt":"","footnotes":""},"categories":[53,76],"tags":[],"class_list":["post-76195","post","type-post","status-publish","format-standard","hentry","category-algerie","category-regions"],"_links":{"self":[{"href":"https:\/\/linitiative.ca\/International\/wp-json\/wp\/v2\/posts\/76195","targetHints":{"allow":["GET"]}}],"collection":[{"href":"https:\/\/linitiative.ca\/International\/wp-json\/wp\/v2\/posts"}],"about":[{"href":"https:\/\/linitiative.ca\/International\/wp-json\/wp\/v2\/types\/post"}],"author":[{"embeddable":true,"href":"https:\/\/linitiative.ca\/International\/wp-json\/wp\/v2\/users\/1740"}],"replies":[{"embeddable":true,"href":"https:\/\/linitiative.ca\/International\/wp-json\/wp\/v2\/comments?post=76195"}],"version-history":[{"count":0,"href":"https:\/\/linitiative.ca\/International\/wp-json\/wp\/v2\/posts\/76195\/revisions"}],"wp:attachment":[{"href":"https:\/\/linitiative.ca\/International\/wp-json\/wp\/v2\/media?parent=76195"}],"wp:term":[{"taxonomy":"category","embeddable":true,"href":"https:\/\/linitiative.ca\/International\/wp-json\/wp\/v2\/categories?post=76195"},{"taxonomy":"post_tag","embeddable":true,"href":"https:\/\/linitiative.ca\/International\/wp-json\/wp\/v2\/tags?post=76195"}],"curies":[{"name":"wp","href":"https:\/\/api.w.org\/{rel}","templated":true}]}}