{"id":76196,"date":"2020-02-15T11:26:00","date_gmt":"2020-02-15T16:26:00","guid":{"rendered":"https:\/\/linitiative.ca\/International\/ralliement-a-des-groupes-terroristes-mise-en-echec-dune-tentative-a-tlemcen\/"},"modified":"2020-02-15T11:26:00","modified_gmt":"2020-02-15T16:26:00","slug":"ralliement-a-des-groupes-terroristes-mise-en-echec-dune-tentative-a-tlemcen","status":"publish","type":"post","link":"https:\/\/linitiative.ca\/International\/ralliement-a-des-groupes-terroristes-mise-en-echec-dune-tentative-a-tlemcen\/","title":{"rendered":"RALLIEMENT A DES GROUPES TERRORISTES  : Mise en \u00e9chec d&rsquo;une tentative \u00e0 Tlemcen"},"content":{"rendered":"<p><br id=\"sep_para_1\" class=\"sep_para access\"\/><\/p>\n<div id=\"para_1\" class=\"para_35552802 resize\">\n<div class=\"texte access firstletter\">Une tentative de ralliement aux groupes terroristes a \u00e9t\u00e9 mise en \u00e9chec vendredi \u00e0 Tlemcen par un d\u00e9tachement de l&rsquo;Arm\u00e9e nationale populaire (ANP) qui a arr\u00eat\u00e9 trois individus gr\u00e2ce \u00e0 l&rsquo;exploitation de renseignements, a indiqu\u00e9 samedi le minist\u00e8re de la D\u00e9fense nationale (MDN) dans un communiqu\u00e9. \u00ab\u00a0Dans le cadre de la lutte antiterroriste et gr\u00e2ce \u00e0 l&rsquo;exploitation de renseignements, un d\u00e9tachement de l&rsquo;Arm\u00e9e nationale populaire a mis en \u00e9chec, le 14 f\u00e9vrier 2020, une tentative de ralliement aux groupes terroristes, o\u00f9 il a \u00e9t\u00e9 proc\u00e9d\u00e9 \u00e0 l&rsquo;arrestation de trois (03) individus \u00e0 Tlemcen (2\u00e8me RM)\u00a0\u00bb, souligne le MDN. A Souk-Ahras, T\u00e9bessa et El-Tarf (5\u00e8me\u00a0 RM), des tentatives de contrebande d\u2019une grande quantit\u00e9 de carburants s\u2019\u00e9levant \u00e0 (12 903) litres ont \u00e9t\u00e9 mises en \u00e9chec par des Garde-fronti\u00e8res, ajoute la m\u00eame source.\u00a0<\/div>\n<\/div>\n<p>Auteur: Nadine<br \/>\n<a href=\"https:\/\/www.reflexiondz.net\/RALLIEMENT-A-DES-GROUPES-TERRORISTES-Mise-en-echec-d-une-tentative-a-Tlemcen_a60658.html\">Cliquez ici pour lire l&rsquo;article depuis sa source.<\/a><\/p>\n","protected":false},"excerpt":{"rendered":"<p>Une tentative de ralliement aux groupes terroristes a \u00e9t\u00e9 mise en \u00e9chec vendredi \u00e0 Tlemcen par un d\u00e9tachement de l&rsquo;Arm\u00e9e nationale populaire (ANP) qui a arr\u00eat\u00e9 trois individus gr\u00e2ce \u00e0 l&rsquo;exploitation de renseignements, a indiqu\u00e9 samedi le minist\u00e8re de la D\u00e9fense nationale (MDN) dans un communiqu\u00e9. \u00ab\u00a0Dans le cadre de la lutte antiterroriste et gr\u00e2ce [&hellip;]<\/p>\n","protected":false},"author":1740,"featured_media":0,"comment_status":"closed","ping_status":"closed","sticky":false,"template":"","format":"standard","meta":{"fifu_image_url":"","fifu_image_alt":"","footnotes":""},"categories":[53,76],"tags":[],"class_list":["post-76196","post","type-post","status-publish","format-standard","hentry","category-algerie","category-regions"],"_links":{"self":[{"href":"https:\/\/linitiative.ca\/International\/wp-json\/wp\/v2\/posts\/76196","targetHints":{"allow":["GET"]}}],"collection":[{"href":"https:\/\/linitiative.ca\/International\/wp-json\/wp\/v2\/posts"}],"about":[{"href":"https:\/\/linitiative.ca\/International\/wp-json\/wp\/v2\/types\/post"}],"author":[{"embeddable":true,"href":"https:\/\/linitiative.ca\/International\/wp-json\/wp\/v2\/users\/1740"}],"replies":[{"embeddable":true,"href":"https:\/\/linitiative.ca\/International\/wp-json\/wp\/v2\/comments?post=76196"}],"version-history":[{"count":0,"href":"https:\/\/linitiative.ca\/International\/wp-json\/wp\/v2\/posts\/76196\/revisions"}],"wp:attachment":[{"href":"https:\/\/linitiative.ca\/International\/wp-json\/wp\/v2\/media?parent=76196"}],"wp:term":[{"taxonomy":"category","embeddable":true,"href":"https:\/\/linitiative.ca\/International\/wp-json\/wp\/v2\/categories?post=76196"},{"taxonomy":"post_tag","embeddable":true,"href":"https:\/\/linitiative.ca\/International\/wp-json\/wp\/v2\/tags?post=76196"}],"curies":[{"name":"wp","href":"https:\/\/api.w.org\/{rel}","templated":true}]}}