{"id":76197,"date":"2020-02-15T12:24:00","date_gmt":"2020-02-15T17:24:00","guid":{"rendered":"https:\/\/linitiative.ca\/International\/abbou-exhorte-fakhfakh-a-un-passage-en-force-contre-ennahdha\/"},"modified":"2020-02-15T12:24:00","modified_gmt":"2020-02-15T17:24:00","slug":"abbou-exhorte-fakhfakh-a-un-passage-en-force-contre-ennahdha","status":"publish","type":"post","link":"https:\/\/linitiative.ca\/International\/abbou-exhorte-fakhfakh-a-un-passage-en-force-contre-ennahdha\/","title":{"rendered":"Abbou exhorte Fakhfakh \u00e0 un passage en force contre Ennahdha"},"content":{"rendered":"<p>\u00ab Le temps du chantage est r\u00e9volu. J\u2019en appelle \u00e0 Ely\u00e8s Fakhfakh qui doit faire fi des pressions exerc\u00e9es par Ennahdha et de ses marchandages, passer outre et forcer le passage \u00e0 l\u2019ARP. Il n\u2019a qu\u2019\u00e0 changer les ministres d\u2019Ennahdha par d\u2019autres comp\u00e9tences nationales et se pr\u00e9senter au verdict du parlement, quitte \u00e0 courir le risque de l\u2019\u00e9chec. \u00bb Mohamed Abbou est cat\u00e9gorique. Chef d\u2019Ettayar, composante centrale de la coalition gouvernementale cens\u00e9e \u00eatre form\u00e9e, il pointe du doigt \u00ab l\u2019attitude inacceptable \u00bb du mouvement islamiste qui persiste \u00e0 revendiquer les minist\u00e8res des Tics, de l\u2019Int\u00e9rieur et des Finances. \u00ab Il doit y avoir anguille sous roche \u00bb, se demande-t-il.<\/p>\n<p><strong>Lire aussi<\/strong><\/p>\n<p><a href=\"https:\/\/www.leaders.com.tn\/article\/29142-decision-irreversible-ennahdha-retire-ses-candidats-et-son-soutien-au-gouvernement-fakhafakh\" target=\"_blank\" rel=\"noopener noreferrer\">\u00abD\u00e9cision irr\u00e9versible \u00bb : Ennahdha retire ses candidats et son soutien au gouvernement Fakhafakh<\/a><\/p>\n<p><a href=\"https:\/\/www.leaders.com.tn\/article\/29145-une-large-majorite-se-dessine-en-faveur-de-la-dissolution-du-parlement-selon-les-amis-du-professeur-kais-saied\" target=\"_blank\" rel=\"noopener noreferrer\">Une large majorit\u00e9 se dessine en faveur de la dissolution du Parlement selon les \u00ab amis \u00bb du \u00ab\u00a0Professeur Kais Saied\u00a0\u00bb<\/a><\/p>\n<p>Auteur:<br \/>\n<a href=\"https:\/\/www.leaders.com.tn\/article\/29144-abbou-exhorte-fakhfakh-a-un-passage-en-force-contre-ennahdha\">Cliquez ici pour lire l&rsquo;article depuis sa source.<\/a><\/p>\n","protected":false},"excerpt":{"rendered":"<p>\u00ab Le temps du chantage est r\u00e9volu. J\u2019en appelle \u00e0 Ely\u00e8s Fakhfakh qui doit faire fi des pressions exerc\u00e9es par Ennahdha et de ses marchandages, passer outre et forcer le passage \u00e0 l\u2019ARP. Il n\u2019a qu\u2019\u00e0 changer les ministres d\u2019Ennahdha par d\u2019autres comp\u00e9tences nationales et se pr\u00e9senter au verdict du parlement, quitte \u00e0 courir le [&hellip;]<\/p>\n","protected":false},"author":1772,"featured_media":0,"comment_status":"closed","ping_status":"closed","sticky":false,"template":"","format":"standard","meta":{"fifu_image_url":"","fifu_image_alt":"","footnotes":""},"categories":[73,55],"tags":[],"class_list":["post-76197","post","type-post","status-publish","format-standard","hentry","category-actualite","category-tunisie"],"_links":{"self":[{"href":"https:\/\/linitiative.ca\/International\/wp-json\/wp\/v2\/posts\/76197","targetHints":{"allow":["GET"]}}],"collection":[{"href":"https:\/\/linitiative.ca\/International\/wp-json\/wp\/v2\/posts"}],"about":[{"href":"https:\/\/linitiative.ca\/International\/wp-json\/wp\/v2\/types\/post"}],"author":[{"embeddable":true,"href":"https:\/\/linitiative.ca\/International\/wp-json\/wp\/v2\/users\/1772"}],"replies":[{"embeddable":true,"href":"https:\/\/linitiative.ca\/International\/wp-json\/wp\/v2\/comments?post=76197"}],"version-history":[{"count":0,"href":"https:\/\/linitiative.ca\/International\/wp-json\/wp\/v2\/posts\/76197\/revisions"}],"wp:attachment":[{"href":"https:\/\/linitiative.ca\/International\/wp-json\/wp\/v2\/media?parent=76197"}],"wp:term":[{"taxonomy":"category","embeddable":true,"href":"https:\/\/linitiative.ca\/International\/wp-json\/wp\/v2\/categories?post=76197"},{"taxonomy":"post_tag","embeddable":true,"href":"https:\/\/linitiative.ca\/International\/wp-json\/wp\/v2\/tags?post=76197"}],"curies":[{"name":"wp","href":"https:\/\/api.w.org\/{rel}","templated":true}]}}