{"id":76200,"date":"2020-02-15T13:30:00","date_gmt":"2020-02-15T18:30:00","guid":{"rendered":"https:\/\/linitiative.ca\/International\/qui-est-noureddine-erray-choisi-par-kais-saied-pour-le-poste-de-ministre-des-affaires-etrangeres-dans-le-gouvernement-fakhfakh\/"},"modified":"2020-02-15T13:30:00","modified_gmt":"2020-02-15T18:30:00","slug":"qui-est-noureddine-erray-choisi-par-kais-saied-pour-le-poste-de-ministre-des-affaires-etrangeres-dans-le-gouvernement-fakhfakh","status":"publish","type":"post","link":"https:\/\/linitiative.ca\/International\/qui-est-noureddine-erray-choisi-par-kais-saied-pour-le-poste-de-ministre-des-affaires-etrangeres-dans-le-gouvernement-fakhfakh\/","title":{"rendered":"Qui est Noureddine Erray, choisi par Kais Saied pour le poste de ministre des Affaires \u00e9trang\u00e8res dans le gouvernement Fakhfakh"},"content":{"rendered":"<p>Le pr\u00e9sident Kais aura finalement pr\u00e9f\u00e9r\u00e9 Oman qu\u2019Amman. Apr\u00e8s Khaled Sehili, ambassadeur en Jordanie (Amman), son choix s\u2019est port\u00e9 sur Noureddine Erray, ambassadeur \u00e0 Mascat (Amman) comme ministre des Affaires \u00e9trang\u00e8res, dans le gouvernement encore en gestation d&rsquo;Ely\u00e8s Fakhfakh.<\/p>\n<p>Le petit fils du grand syndicaliste Mohamed Erray, chef du puissant syndicat des dockers du port de Tunis est propuls\u00e9 chef de la diplomatie. Noureddine Erray, juriste (disciple de Kais Saied), diplomate de carri\u00e8re, ministre pl\u00e9nipotentiaire (depuis 2015) avait nomm\u00e9 il y a un an et demi, en ao\u00fbt 2018, aupr\u00e8s du Sultan d\u2019Oman. Son parcours diplomatique sera marqu\u00e9 par son passage \u00e0 Rabat o\u00f9 par deux fois, il avait \u00e9t\u00e9 charg\u00e9 d\u2019affaires a.i. (apr\u00e8s le d\u00e9part de Salah Baccari, puis de Rafaa Ben Achour). Un bref passage au minist\u00e8re, et il est promu en 2013 par Moncef Marzouki qui l\u2019avait rep\u00e9r\u00e9 et appr\u00e9ci\u00e9 lors de sa visite au Maroc, ambassadeur \u00e0 Kowe\u00eft. Il n\u2019y restera que deux ans.<\/p>\n<p>De retour \u00e0 Tunis, il sera nomm\u00e9 charg\u00e9 de mission au cabinet du ministre, avant de gagner son deuxi\u00e8me poste d\u2019ambassadeur. Une fois de plus, la chance lui sourit. Le pr\u00e9sident Saied se rendant \u00e0 Mascat pour les obs\u00e8ques du Soltan Qabous a \u00e9t\u00e9 ravi d\u2019y retrouver en ambassadeur, son ancien \u00e9tudiant. Il s\u2019en est souvenu au moment opportun ! Sans s\u2019expliquer cependant sur les raisons de ce choix.<\/p>\n<p>Jusque-l\u00e0 tout a bien fonctionn\u00e9 pour Noureddine Erray, le propulsant en ascension continue. S&rsquo;il serait confirm\u00e9 en tant que chef de la diplomatie tunisienne, en pleine tourmente que vit le d\u00e9partement depuis le d\u00e9part de Khemaies Jhinaoui, la s\u00e9rie de limogeages (Paris, le Consulat g\u00e9n\u00e9ral \u00e0 Paris, New York, etc.), il ferait face \u00e0 des dossiers tr\u00e8s chauds. Qu\u2019il s\u2019agisse de notre mandat au conseil de S\u00e9curit\u00e9 de l\u2019ONU, du sommet de la Francophonie en d\u00e9cembre prochain \u00e0 Tunis, ou encore et surtout, des relations avec les Etats-Unis, de l\u2019accord avec l\u2019Union europ\u00e9enne, et de la sortie de crise en Libye, il marcherait sur de la braise s\u2019il ne saura pas bien s\u2019entourer et prendre les bonnes d\u00e9cisions.<br \/>\u00a0<\/p>\n<p>Auteur:<br \/>\n<a href=\"https:\/\/www.leaders.com.tn\/article\/29149-la-mission-difficile-de-noureddine-erray-ministre-des-affaires-etrangeres\">Cliquez ici pour lire l&rsquo;article depuis sa source.<\/a><\/p>\n","protected":false},"excerpt":{"rendered":"<p>Le pr\u00e9sident Kais aura finalement pr\u00e9f\u00e9r\u00e9 Oman qu\u2019Amman. Apr\u00e8s Khaled Sehili, ambassadeur en Jordanie (Amman), son choix s\u2019est port\u00e9 sur Noureddine Erray, ambassadeur \u00e0 Mascat (Amman) comme ministre des Affaires \u00e9trang\u00e8res, dans le gouvernement encore en gestation d&rsquo;Ely\u00e8s Fakhfakh. Le petit fils du grand syndicaliste Mohamed Erray, chef du puissant syndicat des dockers du port [&hellip;]<\/p>\n","protected":false},"author":1772,"featured_media":0,"comment_status":"closed","ping_status":"closed","sticky":false,"template":"","format":"standard","meta":{"fifu_image_url":"","fifu_image_alt":"","footnotes":""},"categories":[73,55],"tags":[],"class_list":["post-76200","post","type-post","status-publish","format-standard","hentry","category-actualite","category-tunisie"],"_links":{"self":[{"href":"https:\/\/linitiative.ca\/International\/wp-json\/wp\/v2\/posts\/76200","targetHints":{"allow":["GET"]}}],"collection":[{"href":"https:\/\/linitiative.ca\/International\/wp-json\/wp\/v2\/posts"}],"about":[{"href":"https:\/\/linitiative.ca\/International\/wp-json\/wp\/v2\/types\/post"}],"author":[{"embeddable":true,"href":"https:\/\/linitiative.ca\/International\/wp-json\/wp\/v2\/users\/1772"}],"replies":[{"embeddable":true,"href":"https:\/\/linitiative.ca\/International\/wp-json\/wp\/v2\/comments?post=76200"}],"version-history":[{"count":0,"href":"https:\/\/linitiative.ca\/International\/wp-json\/wp\/v2\/posts\/76200\/revisions"}],"wp:attachment":[{"href":"https:\/\/linitiative.ca\/International\/wp-json\/wp\/v2\/media?parent=76200"}],"wp:term":[{"taxonomy":"category","embeddable":true,"href":"https:\/\/linitiative.ca\/International\/wp-json\/wp\/v2\/categories?post=76200"},{"taxonomy":"post_tag","embeddable":true,"href":"https:\/\/linitiative.ca\/International\/wp-json\/wp\/v2\/tags?post=76200"}],"curies":[{"name":"wp","href":"https:\/\/api.w.org\/{rel}","templated":true}]}}