{"id":76201,"date":"2020-02-15T14:24:00","date_gmt":"2020-02-15T19:24:00","guid":{"rendered":"https:\/\/linitiative.ca\/International\/abandonne-par-ennahdha-fakhfakh-se-donne-un-nouveau-delai-et-croit-encore-pouvoir-former-son-gouvernement\/"},"modified":"2020-02-15T14:24:00","modified_gmt":"2020-02-15T19:24:00","slug":"abandonne-par-ennahdha-fakhfakh-se-donne-un-nouveau-delai-et-croit-encore-pouvoir-former-son-gouvernement","status":"publish","type":"post","link":"https:\/\/linitiative.ca\/International\/abandonne-par-ennahdha-fakhfakh-se-donne-un-nouveau-delai-et-croit-encore-pouvoir-former-son-gouvernement\/","title":{"rendered":"Abandonn\u00e9 par Ennahdha, Fakhfakh se donne un nouveau d\u00e9lai et croit encore pouvoir former son gouvernement"},"content":{"rendered":"<p>Encore un rendez-vous rat\u00e9 ! Et une ultime tentative de sauver son cabinet. Ely\u00e8s Fakhafakh n\u2019ayant pu former son gouvernement et l\u2019annoncer comme convenu ce samedi \u00e0 18 heures, s\u2019est r\u00e9solu \u00e0 exploiter jusqu\u2019au bout le d\u00e9lai constitutionnel de 30 jours qui lui est accord\u00e9. La voix cass\u00e9e, la d\u00e9ception visible, il a fait part de la d\u00e9cision prise\u00ab en concertation avec le chef de l\u2019Etat \u00bb vers 20h30, depuis le palais de Carthage \u00e0 l\u2019issue d\u2019un long entretien avec le pr\u00e9sident de la R\u00e9publique, Kais Saied.<\/p>\n<p>Ely\u00e8s Fakhfakh avait commenc\u00e9 sa d\u00e9claration en donnant lecture \u00e0 la composition initiale du gouvernement telle que fig\u00e9e ce matin, pr\u00e9cisant l\u2019appartenance politique de chacun de ses membres. Il a ajout\u00e9 que malgr\u00e9 les concertations men\u00e9es et les accords obtenus, il a eu la surprise d\u2019apprendre le d\u00e9sistement d\u2019Ennahdha de faire partie de son gouvernement. \u00ab Il est de notre responsabilit\u00e9, en ce moment particulier et historique, a-t-il affirm\u00e9 d\u2019exploiter le temps restant pour explorer toutes les possibilit\u00e9s qui pourraient s\u2019offrir \u00bb.<\/p>\n<p>Est-ce un premier signe de s\u2019appr\u00eater \u00e0 jeter l\u2019\u00e9ponge et de renoncer \u00e0 briguer la Kasbah ? Essaye-t-il de gagner du temps pour sc\u00e9nariser une sortie amortie ? Quelles sont ses chances r\u00e9elles ?<\/p>\n<p>Mais aussi, sur quoi peut compter d\u00e9sormais Ely\u00e8s Fakhfakh ? Esp\u00e8re-t-il encore pouvoir reconqu\u00e9rir la confiance d\u2019Ennahdha ? A-t-il pleinement r\u00e9alis\u00e9 l\u2019ampleur du Niet d\u00e9finitif de la Choura ? Acceptera-t-il, pour remonter la pente de se soumettre \u00e0 toutes les demandes d\u2019Ennahdha ?<\/p>\n<p>\u00ab C\u2019est cuit ! \u00bb n\u2019h\u00e9site \u00e0 se prononcer un connaisseur du s\u00e9rail. Il va falloir passer aux autres plans : motion de censure positive \u00e0 l\u2019encontre du gouvernement actuel de Youssef Chahed, au titre de l\u2019article 97 de la Constitution, soumise par 77 d\u00e9put\u00e9s \u00e0 l\u2019ARP et d\u00e9signation le jour-m\u00eame d\u2019une personnalit\u00e9 pour former un nouveau gouvernement dans un d\u00e9lai de 15 jours ? A moins que le pr\u00e9sident de la R\u00e9publique reprenne lui-m\u00eame le mandat confi\u00e9 \u00e0 Fakhfakh et choisir une autre personnalit\u00e9.<\/p>\n<p><strong>Lire aussi<\/strong><\/p>\n<p><a href=\"https:\/\/www.leaders.com.tn\/article\/29145-une-large-majorite-se-dessine-en-faveur-de-la-dissolution-du-parlement-selon-les-amis-du-professeur-kais-saied\" target=\"_blank\" rel=\"noopener noreferrer\">Une large majorit\u00e9 se dessine en faveur de la dissolution du Parlement selon les \u00ab amis \u00bb du \u00ab\u00a0Professeur Kais Saied\u00a0\u00bb<\/a><\/p>\n<p><a href=\"https:\/\/www.leaders.com.tn\/article\/29144-abbou-exhorte-fakhfakh-a-un-passage-en-force-contre-ennahdha\" target=\"_blank\" rel=\"noopener noreferrer\">Abbou exhorte Fakhfakh \u00e0 un passage en force contre Ennahdha<\/a><\/p>\n<p><a href=\"https:\/\/www.leaders.com.tn\/article\/29142-decision-irreversible-ennahdha-retire-ses-candidats-et-son-soutien-au-gouvernement-fakhafakh\" target=\"_blank\" rel=\"noopener noreferrer\">\u00abD\u00e9cision irr\u00e9versible \u00bb : Ennahdha retire ses candidats et son soutien au gouvernement Fakhafakh<\/a><\/p>\n<p><a href=\"https:\/\/www.leaders.com.tn\/article\/29138-fakhfakh-doit-chercher-de-suite-un-ministre-des-finances-ali-kooli-a-decline-la-proposition\" target=\"_blank\" rel=\"noopener noreferrer\">Fakhfakh doit chercher de suite un ministre des Finances, Ali Kooli a d\u00e9clin\u00e9 la proposition<\/a><\/p>\n<p>Auteur:<br \/>\n<a href=\"https:\/\/www.leaders.com.tn\/article\/29157-elyes-fakhfakh\">Cliquez ici pour lire l&rsquo;article depuis sa source.<\/a><\/p>\n","protected":false},"excerpt":{"rendered":"<p>Encore un rendez-vous rat\u00e9 ! Et une ultime tentative de sauver son cabinet. Ely\u00e8s Fakhafakh n\u2019ayant pu former son gouvernement et l\u2019annoncer comme convenu ce samedi \u00e0 18 heures, s\u2019est r\u00e9solu \u00e0 exploiter jusqu\u2019au bout le d\u00e9lai constitutionnel de 30 jours qui lui est accord\u00e9. La voix cass\u00e9e, la d\u00e9ception visible, il a fait part [&hellip;]<\/p>\n","protected":false},"author":1772,"featured_media":0,"comment_status":"closed","ping_status":"closed","sticky":false,"template":"","format":"standard","meta":{"fifu_image_url":"","fifu_image_alt":"","footnotes":""},"categories":[73,55],"tags":[],"class_list":["post-76201","post","type-post","status-publish","format-standard","hentry","category-actualite","category-tunisie"],"_links":{"self":[{"href":"https:\/\/linitiative.ca\/International\/wp-json\/wp\/v2\/posts\/76201","targetHints":{"allow":["GET"]}}],"collection":[{"href":"https:\/\/linitiative.ca\/International\/wp-json\/wp\/v2\/posts"}],"about":[{"href":"https:\/\/linitiative.ca\/International\/wp-json\/wp\/v2\/types\/post"}],"author":[{"embeddable":true,"href":"https:\/\/linitiative.ca\/International\/wp-json\/wp\/v2\/users\/1772"}],"replies":[{"embeddable":true,"href":"https:\/\/linitiative.ca\/International\/wp-json\/wp\/v2\/comments?post=76201"}],"version-history":[{"count":0,"href":"https:\/\/linitiative.ca\/International\/wp-json\/wp\/v2\/posts\/76201\/revisions"}],"wp:attachment":[{"href":"https:\/\/linitiative.ca\/International\/wp-json\/wp\/v2\/media?parent=76201"}],"wp:term":[{"taxonomy":"category","embeddable":true,"href":"https:\/\/linitiative.ca\/International\/wp-json\/wp\/v2\/categories?post=76201"},{"taxonomy":"post_tag","embeddable":true,"href":"https:\/\/linitiative.ca\/International\/wp-json\/wp\/v2\/tags?post=76201"}],"curies":[{"name":"wp","href":"https:\/\/api.w.org\/{rel}","templated":true}]}}