{"id":76203,"date":"2020-02-15T05:00:00","date_gmt":"2020-02-15T10:00:00","guid":{"rendered":"https:\/\/linitiative.ca\/International\/les-souscripteurs-des-programmes-aadl-reviennent-a-la-charge\/"},"modified":"2020-02-15T05:00:00","modified_gmt":"2020-02-15T10:00:00","slug":"les-souscripteurs-des-programmes-aadl-reviennent-a-la-charge","status":"publish","type":"post","link":"https:\/\/linitiative.ca\/International\/les-souscripteurs-des-programmes-aadl-reviennent-a-la-charge\/","title":{"rendered":"Les souscripteurs des programmes AADL reviennent \u00e0 la charge"},"content":{"rendered":"<p>Encore une fois, les souscripteurs des programmes de logements AADL d&rsquo;Oum-el-Bouaghi se sont manifest\u00e9s jeudi devant le si\u00e8ge de la Wilaya. Ces derniers ont demand\u00e9 l&rsquo;intervention du chef de l&rsquo;ex\u00e9cutif pour interc\u00e9der aupr\u00e8s des responsables du promoteur de ce projet et mettre fin \u00e0 leur calvaire.<br \/>Pour rappel , les souscripteurs se sont organis\u00e9s en association et ont d\u00e9j\u00e0 manifest\u00e9 \u00e0 plusieurs reprises leur col\u00e8re et leur d\u00e9tresse, face \u00e0 une situation qui n&rsquo;a pas trouv\u00e9 d\u2019\u00e9cho.<br \/>Jeudi, des dizaines de souscripteurs se sont encore regroup\u00e9s d\u00e8s les premi\u00e8res heures de la journ\u00e9e devant le si\u00e8ge de la Wilaya avec l\u2019espoir d\u2019\u00eatre entendus par le nouveau wali qui venait de prendre ses fonctions. Ils brandissaient des banderoles d\u00e9signant du doigt les responsables de ces projets rappelant les multitudes de promesses non tenues pourtant consign\u00e9es devant le wali sortant pour parachever et livrer ces programmes.<br \/>Implant\u00e9es dans cinq localit\u00e9s de la wilaya, sur les 3 269 unit\u00e9s, seules les 500 \u00e0 A\u00efn Mlila ont \u00e9t\u00e9 livr\u00e9s, les 500 logements de A\u00efn Be\u00efda sont toujours en voie de r\u00e9alisation, les 500 d\u2019Oum-el-Bouaghi connaissent un taux d&rsquo;avancement de 80%, ces derniers devaient \u00eatre livr\u00e9s partiellement le mois de d\u00e9cembre de l\u2019ann\u00e9e pass\u00e9e.<br \/>Les programmes d&rsquo;Oum-el-Bouaghi ont \u00e9t\u00e9 repouss\u00e9s au mois de f\u00e9vrier de cette ann\u00e9e , mais selon la cadence des travaux , il est quasi impossible que les logements soient livr\u00e9s dans les d\u00e9lais. A signaler que le programme suppl\u00e9mentaire des 409 logements et celui des 300 transf\u00e9r\u00e9s de A\u00efn Be\u00efda pour faute d&rsquo;assiette fonci\u00e8re n\u2019est pas encore entam\u00e9. Les 200 de A\u00efn Kercha, les 260 de A\u00efn Mlila, les 250 de A\u00efn Fakroun ne sont m\u00eame pas encore lanc\u00e9s. A signaler que tous ces programmes datent de 2013, alors que les souscripteurs se sont d\u00e9j\u00e0 acquitt\u00e9s de leurs premi\u00e8res tranches. Hadjab, pr\u00e9sident de l&rsquo;association, d\u00e9clare : \u00abSi nous nous sommes manifest\u00e9s aujourd&rsquo;hui pour la \u00e9ni\u00e8me fois pacifiquement, c&rsquo;est pour faire entendre notre cri de d\u00e9tresse au premier responsable, les promesses qui nous ont \u00e9t\u00e9 faites par les responsables des projets n&rsquo;ont jamais \u00e9t\u00e9 tenues. Avec l&rsquo;installation du nouveau, nous gardons l&rsquo;espoir que notre appel sera entendu.<br \/>D&rsquo;ailleurs, une rencontre est programm\u00e9e avec lui mardi prochain. Nous profitons de la pr\u00e9sence de la presse pour proposer la venue de toutes les parties concern\u00e9es par ce dossier AADL, le directeur du logement, la Sonelgaz, l&rsquo;ADE. A cet effet, un dossier complet et explicatif a \u00e9t\u00e9 transmis au chef de l\u2019ex\u00e9cutif afin qu&rsquo;il prenne connaissance de tous les d\u00e9tails.\u00bb<br \/>Moussa Chtatha<\/p>\n<p>Auteur:<br \/>\n<a href=\"https:\/\/www.lesoirdalgerie.com\/regions\/les-souscripteurs-des-programmes-aadl-reviennent-a-la-charge-38659\">Cliquez ici pour lire l&rsquo;article depuis sa source.<\/a><\/p>\n","protected":false},"excerpt":{"rendered":"<p>Encore une fois, les souscripteurs des programmes de logements AADL d&rsquo;Oum-el-Bouaghi se sont manifest\u00e9s jeudi devant le si\u00e8ge de la Wilaya. Ces derniers ont demand\u00e9 l&rsquo;intervention du chef de l&rsquo;ex\u00e9cutif pour interc\u00e9der aupr\u00e8s des responsables du promoteur de ce projet et mettre fin \u00e0 leur calvaire.Pour rappel , les souscripteurs se sont organis\u00e9s en association [&hellip;]<\/p>\n","protected":false},"author":1741,"featured_media":0,"comment_status":"closed","ping_status":"closed","sticky":false,"template":"","format":"standard","meta":{"fifu_image_url":"","fifu_image_alt":"","footnotes":""},"categories":[73,53],"tags":[],"class_list":["post-76203","post","type-post","status-publish","format-standard","hentry","category-actualite","category-algerie"],"_links":{"self":[{"href":"https:\/\/linitiative.ca\/International\/wp-json\/wp\/v2\/posts\/76203","targetHints":{"allow":["GET"]}}],"collection":[{"href":"https:\/\/linitiative.ca\/International\/wp-json\/wp\/v2\/posts"}],"about":[{"href":"https:\/\/linitiative.ca\/International\/wp-json\/wp\/v2\/types\/post"}],"author":[{"embeddable":true,"href":"https:\/\/linitiative.ca\/International\/wp-json\/wp\/v2\/users\/1741"}],"replies":[{"embeddable":true,"href":"https:\/\/linitiative.ca\/International\/wp-json\/wp\/v2\/comments?post=76203"}],"version-history":[{"count":0,"href":"https:\/\/linitiative.ca\/International\/wp-json\/wp\/v2\/posts\/76203\/revisions"}],"wp:attachment":[{"href":"https:\/\/linitiative.ca\/International\/wp-json\/wp\/v2\/media?parent=76203"}],"wp:term":[{"taxonomy":"category","embeddable":true,"href":"https:\/\/linitiative.ca\/International\/wp-json\/wp\/v2\/categories?post=76203"},{"taxonomy":"post_tag","embeddable":true,"href":"https:\/\/linitiative.ca\/International\/wp-json\/wp\/v2\/tags?post=76203"}],"curies":[{"name":"wp","href":"https:\/\/api.w.org\/{rel}","templated":true}]}}