{"id":76204,"date":"2020-02-15T05:00:00","date_gmt":"2020-02-15T10:00:00","guid":{"rendered":"https:\/\/linitiative.ca\/International\/les-4-samedis\/"},"modified":"2020-02-15T05:00:00","modified_gmt":"2020-02-15T10:00:00","slug":"les-4-samedis","status":"publish","type":"post","link":"https:\/\/linitiative.ca\/International\/les-4-samedis\/","title":{"rendered":"Les 4 samedis"},"content":{"rendered":"<p class=\"c3\">La semaine a \u00e9t\u00e9 p\u00e9nible. Pourtant, on pensait qu\u2019elle avait bien commenc\u00e9. Tr\u00e8s bien, m\u00eame, avec ce procureur, adjoint en plus, qui a \u00e9branl\u00e9 le monde Alg\u00e9rie. Il a tellement bien d\u00e9but\u00e9 notre semaine qu\u2019on s\u2019est mis \u00e0 tout confondre, au point de ne plus faire la diff\u00e9rence entre une plaidoirie et un r\u00e9quisitoire. S\u2019agissant du magistrat, il savait tr\u00e8s bien ce qu\u2019il faisait, m\u00eame s\u2019il a \u00e9t\u00e9 un peu trop surprenant quand m\u00eame. Il aurait pu requ\u00e9rir la relaxe comme il l\u2019a fait, en restant dans la rigueur et la sobri\u00e9t\u00e9 de la loi. Non, il voulait pousser notre bonheur plus loin. Non seulement il demande la lib\u00e9ration des d\u00e9tenus mais, en plus, il dit que c\u2019est le peuple en lutte qui veut \u00e7a, vous vous rendez compte ?<br \/>La semaine a \u00e9t\u00e9 p\u00e9nible (bis). Apr\u00e8s avoir un peu pavois\u00e9 sur le courage du procureur adjoint de Sidi-M\u2019hamed, les Alg\u00e9riens y ont vu par endroits des\u2026 signes d\u2019ouverture de la justice. C\u2019est ainsi, on a toujours du mal \u00e0 croire que quelqu\u2019un puisse faire quelque chose tout seul comme un grand et on adore le dire. \u00ab Tu ne vas pas me dire que c\u2019est de son initiative ! \u00bb On adore la formule, juste pour l\u2019accompagner d\u2019une question : \u00ab alors, c\u2019est qui, \u00e0 ton avis ? \u00bb On n\u2019a pas eu le temps de \u00ab caler \u00bb tout \u00e7a que Sid Ahmed Belmahdi s\u2019est retrouv\u00e9 \u00e0\u2026 Guemmar, histoire de temp\u00e9rer nos ardeurs. Et nous dire dans la foul\u00e9e que non seulement il n\u2019y a aucun \u00ab signe \u00bb mais il y a toujours deux Alg\u00e9rie : celle de la prosp\u00e9rit\u00e9-promotion et celle de la mutation-punition.<br \/>La semaine a \u00e9t\u00e9 p\u00e9nible. L\u2019arrestation du directeur du groupe de presse Ennahar a \u00e9t\u00e9 un vrai moment m\u00e9diatique des derniers jours. D\u2019abord parce qu\u2019Anis Rahmani a eu \u00e0 occuper le devant de la sc\u00e8ne sans avoir \u00e0 \u00eatre inqui\u00e9t\u00e9 lui-m\u00eame. Pour ainsi dire, il avait l\u2019habitude d\u2019attirer les projecteurs de l\u2019autre c\u00f4t\u00e9 de la barri\u00e8re, c\u2019est-\u00e0-dire avec les puissants. C\u2019est la m\u00eame chose pour tous les autres, qui constituent aujourd\u2019hui le \u00ab peuple d\u2019El-Harrach \u00bb ? Pas vraiment, lui, il diffusait aussi l\u2019\u00e9v\u00e9nement, en plus de le faire. Hier, il avait pris un sacr\u00e9\u00a0 retard sur les faits.<br \/>La semaine a \u00e9t\u00e9 p\u00e9nible. On a tout dit sur la pr\u00e9sentation du \u00ab plan d\u2019action \u00bb du gouvernement devant l\u2019APN. Il a \u00e9t\u00e9 surtout question de cette situation cocasse o\u00f9 ce qui fait figure de \u00ab majorit\u00e9 \u00bb est amen\u00e9 \u00e0 adopter le programme de l\u2019adversaire de son candidat ! Mais on n\u2019avait peut-\u00eatre pas tout dit, avec cette sortie d\u2019un d\u00e9put\u00e9 du FLN insinuant que ce parti n\u2019a \u00e9t\u00e9 qu\u2019une fa\u00e7ade du pouvoir qui a \u00e9t\u00e9 exerc\u00e9 en son nom. On fait quoi, finalement du FLN, on le met au mus\u00e9e ou on lui remet les cl\u00e9s du camion ?<br \/>La semaine a \u00e9t\u00e9 p\u00e9nible. Une autre interpellation a fait les choux gras des r\u00e9seaux sociaux, des palabres de quartier et des confidences du caf\u00e9 du\u00a0 commerce. Mohammed La\u00efd Benamor, patron du groupe agroalimentaire \u00e9ponyme, a \u00e9t\u00e9 arr\u00eat\u00e9, ainsi que ses deux fr\u00e8res. Bien s\u00fbr, on en a parl\u00e9, comme pour tous les autres, avec cette mention sp\u00e9ciale que beaucoup d\u2019Alg\u00e9riens \u00e9voquent quand m\u00eame la qualit\u00e9 de ses produits. Certains appr\u00e9hendent m\u00eame leur disparition du march\u00e9. C\u2019est fou, comme les choses semblent si simples : le patron en prison, tout d\u00e9gringole. Il n\u2019y a m\u00eame pas le moindre espoir qu\u2019une \u00ab entreprise \u00bb survive au naufrage de son propri\u00e9taire !\u00a0\u00a0<br \/><em><strong>S. L.<\/strong><\/em><\/p>\n<p>Auteur:<br \/>\n<a href=\"https:\/\/www.lesoirdalgerie.com\/constances\/les-4-samedis-38658\">Cliquez ici pour lire l&rsquo;article depuis sa source.<\/a><\/p>\n","protected":false},"excerpt":{"rendered":"<p>La semaine a \u00e9t\u00e9 p\u00e9nible. Pourtant, on pensait qu\u2019elle avait bien commenc\u00e9. Tr\u00e8s bien, m\u00eame, avec ce procureur, adjoint en plus, qui a \u00e9branl\u00e9 le monde Alg\u00e9rie. Il a tellement bien d\u00e9but\u00e9 notre semaine qu\u2019on s\u2019est mis \u00e0 tout confondre, au point de ne plus faire la diff\u00e9rence entre une plaidoirie et un r\u00e9quisitoire. S\u2019agissant [&hellip;]<\/p>\n","protected":false},"author":1741,"featured_media":0,"comment_status":"closed","ping_status":"closed","sticky":false,"template":"","format":"standard","meta":{"fifu_image_url":"","fifu_image_alt":"","footnotes":""},"categories":[73,53],"tags":[],"class_list":["post-76204","post","type-post","status-publish","format-standard","hentry","category-actualite","category-algerie"],"_links":{"self":[{"href":"https:\/\/linitiative.ca\/International\/wp-json\/wp\/v2\/posts\/76204","targetHints":{"allow":["GET"]}}],"collection":[{"href":"https:\/\/linitiative.ca\/International\/wp-json\/wp\/v2\/posts"}],"about":[{"href":"https:\/\/linitiative.ca\/International\/wp-json\/wp\/v2\/types\/post"}],"author":[{"embeddable":true,"href":"https:\/\/linitiative.ca\/International\/wp-json\/wp\/v2\/users\/1741"}],"replies":[{"embeddable":true,"href":"https:\/\/linitiative.ca\/International\/wp-json\/wp\/v2\/comments?post=76204"}],"version-history":[{"count":0,"href":"https:\/\/linitiative.ca\/International\/wp-json\/wp\/v2\/posts\/76204\/revisions"}],"wp:attachment":[{"href":"https:\/\/linitiative.ca\/International\/wp-json\/wp\/v2\/media?parent=76204"}],"wp:term":[{"taxonomy":"category","embeddable":true,"href":"https:\/\/linitiative.ca\/International\/wp-json\/wp\/v2\/categories?post=76204"},{"taxonomy":"post_tag","embeddable":true,"href":"https:\/\/linitiative.ca\/International\/wp-json\/wp\/v2\/tags?post=76204"}],"curies":[{"name":"wp","href":"https:\/\/api.w.org\/{rel}","templated":true}]}}