{"id":76205,"date":"2020-02-15T05:00:00","date_gmt":"2020-02-15T10:00:00","guid":{"rendered":"https:\/\/linitiative.ca\/International\/7-ans-de-prison-ferme-pour-trafic-de-psychotropes-a-oued-rhiou\/"},"modified":"2020-02-15T05:00:00","modified_gmt":"2020-02-15T10:00:00","slug":"7-ans-de-prison-ferme-pour-trafic-de-psychotropes-a-oued-rhiou","status":"publish","type":"post","link":"https:\/\/linitiative.ca\/International\/7-ans-de-prison-ferme-pour-trafic-de-psychotropes-a-oued-rhiou\/","title":{"rendered":"7 ans de prison ferme pour trafic de psychotropes \u00e0 Oued R\u2019hiou"},"content":{"rendered":"<p>Une peine de sept de prison ferme assortie d\u2019une amende de 50 millions de centimes, tel est le verdict prononc\u00e9 \u00e0 l\u2019encontre d\u2019un individu impliqu\u00e9 dans le trafic de psychotropes.<br \/>La gen\u00e8se de cette affaire remonte \u00e0 jeudi, lorsque les services de la S\u00fbret\u00e9 de da\u00efra de Djdiouia, ont arr\u00eat\u00e9, sur la base d\u2019informations, un d\u00e9linquant qui \u00e9coulait des psychotropes au march\u00e9 parall\u00e8le.<br \/>Munis d\u2019un mandat de perquisition au domicile du mis en cause, les enqu\u00eateurs ont d\u00e9couvert 111 comprim\u00e9s psychotropes de diff\u00e9rentes marques.<br \/>A. Rahmane<\/p>\n<p>Auteur:<br \/>\n<a href=\"https:\/\/www.lesoirdalgerie.com\/regions\/7-ans-de-prison-ferme-pour-trafic-de-psychotropes-a-oued-rhiou-38657\">Cliquez ici pour lire l&rsquo;article depuis sa source.<\/a><\/p>\n","protected":false},"excerpt":{"rendered":"<p>Une peine de sept de prison ferme assortie d\u2019une amende de 50 millions de centimes, tel est le verdict prononc\u00e9 \u00e0 l\u2019encontre d\u2019un individu impliqu\u00e9 dans le trafic de psychotropes.La gen\u00e8se de cette affaire remonte \u00e0 jeudi, lorsque les services de la S\u00fbret\u00e9 de da\u00efra de Djdiouia, ont arr\u00eat\u00e9, sur la base d\u2019informations, un d\u00e9linquant [&hellip;]<\/p>\n","protected":false},"author":1741,"featured_media":0,"comment_status":"closed","ping_status":"closed","sticky":false,"template":"","format":"standard","meta":{"fifu_image_url":"","fifu_image_alt":"","footnotes":""},"categories":[73,53],"tags":[],"class_list":["post-76205","post","type-post","status-publish","format-standard","hentry","category-actualite","category-algerie"],"_links":{"self":[{"href":"https:\/\/linitiative.ca\/International\/wp-json\/wp\/v2\/posts\/76205","targetHints":{"allow":["GET"]}}],"collection":[{"href":"https:\/\/linitiative.ca\/International\/wp-json\/wp\/v2\/posts"}],"about":[{"href":"https:\/\/linitiative.ca\/International\/wp-json\/wp\/v2\/types\/post"}],"author":[{"embeddable":true,"href":"https:\/\/linitiative.ca\/International\/wp-json\/wp\/v2\/users\/1741"}],"replies":[{"embeddable":true,"href":"https:\/\/linitiative.ca\/International\/wp-json\/wp\/v2\/comments?post=76205"}],"version-history":[{"count":0,"href":"https:\/\/linitiative.ca\/International\/wp-json\/wp\/v2\/posts\/76205\/revisions"}],"wp:attachment":[{"href":"https:\/\/linitiative.ca\/International\/wp-json\/wp\/v2\/media?parent=76205"}],"wp:term":[{"taxonomy":"category","embeddable":true,"href":"https:\/\/linitiative.ca\/International\/wp-json\/wp\/v2\/categories?post=76205"},{"taxonomy":"post_tag","embeddable":true,"href":"https:\/\/linitiative.ca\/International\/wp-json\/wp\/v2\/tags?post=76205"}],"curies":[{"name":"wp","href":"https:\/\/api.w.org\/{rel}","templated":true}]}}