{"id":76206,"date":"2020-02-15T05:00:00","date_gmt":"2020-02-15T10:00:00","guid":{"rendered":"https:\/\/linitiative.ca\/International\/reouverture-de-laerodrome-cheikh-bouamama\/"},"modified":"2020-02-15T05:00:00","modified_gmt":"2020-02-15T10:00:00","slug":"reouverture-de-laerodrome-cheikh-bouamama","status":"publish","type":"post","link":"https:\/\/linitiative.ca\/International\/reouverture-de-laerodrome-cheikh-bouamama\/","title":{"rendered":"R\u00e9ouverture de l\u2019a\u00e9rodrome Cheikh-Bouamama"},"content":{"rendered":"<p>Une commission d\u00e9p\u00each\u00e9e derni\u00e8rement \u00e0 l\u2019a\u00e9rodrome Cheikh-Bouamama de M\u00e9cheria, suite \u00e0 une instruction pr\u00e9sidentielle, a dress\u00e9 un constat des lieux et relev\u00e9 les crit\u00e8res r\u00e9pondant \u00e0 l\u2019exploitation de la piste et des infrastructures du tarmac.<br \/>L\u2019ouverture de cette voie a\u00e9rienne permettra de r\u00e9pondre aux d\u00e9placements fr\u00e9quents des voyageurs et de rapprocher les citoyens de leurs destinations, comme elle contribuera au d\u00e9veloppement \u00e9conomique de cette r\u00e9gion \u00e0 vocation agropastorale.<br \/>Ainsi, trois vols hebdomadaires sont programm\u00e9s en aller-retour \u00e0 partir du 3 mars 2020, en SF2230\/SF2231, le mercredi : d\u00e9part d\u2019Alger \u00e0 10h ; le samedi, \u00e0 12h30 et le dimanche 13h ; l\u2019arriv\u00e9e \u00e0 M\u00e9cheria est pr\u00e9vue apr\u00e8s 1h40 de vol, alors que le retour vers Alger sera effectu\u00e9 apr\u00e8s une escale de pr\u00e8s de 3 heures.<br \/>B. H.<\/p>\n<p>Auteur:<br \/>\n<a href=\"https:\/\/www.lesoirdalgerie.com\/regions\/reouverture-de-laerodrome-cheikh-bouamama-38656\">Cliquez ici pour lire l&rsquo;article depuis sa source.<\/a><\/p>\n","protected":false},"excerpt":{"rendered":"<p>Une commission d\u00e9p\u00each\u00e9e derni\u00e8rement \u00e0 l\u2019a\u00e9rodrome Cheikh-Bouamama de M\u00e9cheria, suite \u00e0 une instruction pr\u00e9sidentielle, a dress\u00e9 un constat des lieux et relev\u00e9 les crit\u00e8res r\u00e9pondant \u00e0 l\u2019exploitation de la piste et des infrastructures du tarmac.L\u2019ouverture de cette voie a\u00e9rienne permettra de r\u00e9pondre aux d\u00e9placements fr\u00e9quents des voyageurs et de rapprocher les citoyens de leurs destinations, [&hellip;]<\/p>\n","protected":false},"author":1741,"featured_media":0,"comment_status":"closed","ping_status":"closed","sticky":false,"template":"","format":"standard","meta":{"fifu_image_url":"","fifu_image_alt":"","footnotes":""},"categories":[73,53],"tags":[],"class_list":["post-76206","post","type-post","status-publish","format-standard","hentry","category-actualite","category-algerie"],"_links":{"self":[{"href":"https:\/\/linitiative.ca\/International\/wp-json\/wp\/v2\/posts\/76206","targetHints":{"allow":["GET"]}}],"collection":[{"href":"https:\/\/linitiative.ca\/International\/wp-json\/wp\/v2\/posts"}],"about":[{"href":"https:\/\/linitiative.ca\/International\/wp-json\/wp\/v2\/types\/post"}],"author":[{"embeddable":true,"href":"https:\/\/linitiative.ca\/International\/wp-json\/wp\/v2\/users\/1741"}],"replies":[{"embeddable":true,"href":"https:\/\/linitiative.ca\/International\/wp-json\/wp\/v2\/comments?post=76206"}],"version-history":[{"count":0,"href":"https:\/\/linitiative.ca\/International\/wp-json\/wp\/v2\/posts\/76206\/revisions"}],"wp:attachment":[{"href":"https:\/\/linitiative.ca\/International\/wp-json\/wp\/v2\/media?parent=76206"}],"wp:term":[{"taxonomy":"category","embeddable":true,"href":"https:\/\/linitiative.ca\/International\/wp-json\/wp\/v2\/categories?post=76206"},{"taxonomy":"post_tag","embeddable":true,"href":"https:\/\/linitiative.ca\/International\/wp-json\/wp\/v2\/tags?post=76206"}],"curies":[{"name":"wp","href":"https:\/\/api.w.org\/{rel}","templated":true}]}}