{"id":76207,"date":"2020-02-15T04:31:36","date_gmt":"2020-02-15T09:31:36","guid":{"rendered":"https:\/\/linitiative.ca\/International\/en-marge-du-siel-2020-le-livre-et-la-souris\/"},"modified":"2020-02-15T04:31:36","modified_gmt":"2020-02-15T09:31:36","slug":"en-marge-du-siel-2020-le-livre-et-la-souris","status":"publish","type":"post","link":"https:\/\/linitiative.ca\/International\/en-marge-du-siel-2020-le-livre-et-la-souris\/","title":{"rendered":"En marge du SIEL 2020 : Le livre et la souris\u00a0!"},"content":{"rendered":"<p><strong>Casablanca accueille depuis le 6 f\u00e9vrier, et ce jusqu\u2019au 16, la 26e \u00e9dition du Salon international de l\u2019\u00e9dition et du livre. Rendez-vous livresque par excellence au moment o\u00f9 le d\u00e9bat sur la lecture \u00e0 l\u2019\u00e8re du Net est d\u2019une actualit\u00e9 br\u00fblante.\u00a0<\/strong><\/p>\n<div class=\"c10\"\/>\n<p>Tous les param\u00e8tres d\u00e9montrent que nous sommes \u00e0 la traine, depuis des ann\u00e9es. La lecture ne fait pas partie de nos habitudes. On a l\u2019impression que personne ne lit\u00a0! On voit rarement des personnes un livre \u00e0 la main dans les transports publics, trains, bus ou trams, ou dans les caf\u00e9s. Quand des <strong>livres<\/strong> sont publi\u00e9s, les tirages ne d\u00e9passent pas quelques centaines. Des \u00e9ditions dop\u00e9es par le soutien du minist\u00e8re de la Culture, des fondations ou autre service du livre fran\u00e7ais. Rares sont les \u00e9coles poss\u00e9dant des biblioth\u00e8ques. Les librairies de qualit\u00e9 ne cessent de dispara\u00eetre. Les copies scann\u00e9es inondent le march\u00e9. Cet \u00e9tat des choses alarmant fut aggrav\u00e9 par l\u2019arriv\u00e9e du Net, des r\u00e9seaux sociaux, des tablettes et autres Smartphones. Le tactile et la souris ne cessent de ronger le papier.<\/p>\n<p>La tendance mondiale est en train de remettre en cause des si\u00e8cles de pratiques depuis l\u2019invention de l\u2019imprimerie par Johannes Gutenberg. Le monde vit d\u00e9sormais \u00e0 l\u2019\u00e8re des SMS, des news de l\u2019info continue, du partage, des Like\u2026Il vit dans l\u2019instantan\u00e9. On ne lit plus les articles, on se contente des liens\u00a0! Le livre, version papier, risque-t-il ainsi de dispara\u00eetre\u00a0? La <strong>lecture<\/strong>, c\u2019est le temps, le plaisir, la r\u00e9flexion, le recul et le discernement. Les temps modernes, pour ne pas paraphraser Charlie Chaplin, ne sont-ils pas en train de remettre en cause notre conception et vision\u00a0? Avec ce d\u00e9ferlement et d\u00e9foulement informatifs, ces Fake news, ce robinet t\u00e9l\u00e9visuel\u2026ne sommes-nous pas en train de passer \u00e0 c\u00f4t\u00e9 de l\u2019essentiel\u00a0? Trop d\u2019infos ne tue pas la vraie info\u00a0? Et tout le monde est d\u00e9bord\u00e9.<\/p>\n<p>Les recettes p\u00e9dagogiques, le syst\u00e8me universitaire, la recherche\u2026On se pose la question de l\u2019utilit\u00e9 du prof au moment o\u00f9 le savoir universel est \u00e0 bout d\u2019un clic\u00a0! L\u2019organisation d\u2019un <strong>salon<\/strong>, question de voir les nouveaut\u00e9s et l\u2019actualit\u00e9 au moment o\u00f9 ces m\u00eames livres sont disponibles via les versions \u00e9lectroniques\u00a0!<\/p>\n<p>Ainsi est la tendance. Mais il y aura toujours des irr\u00e9ductibles dont le livre papier n\u2019est pas seulement un m\u00e9dium, mais un objet. Rien ne peut remplacer le plaisir de toucher un livre qui vient d\u2019\u00eatre \u00e9dit\u00e9, de le humer et d\u2019en entamer la lecture avec gourmandise. A vos livres\u00a0!<\/p>\n<div class=\"c17\">\n<fieldset class=\"c16\">\n<legend><strong><span class=\"c11\">Challenge<\/span><span class=\"c12\">news<\/span><\/strong><\/legend>\n<div class=\"c15\">Le meilleur de Challenge s\u00e9lectionn\u00e9 par la r\u00e9daction :<\/p>\n<\/div>\n<\/fieldset>\n<\/div>\n<p>Auteur: challenge<br \/>\n<a href=\"https:\/\/www.challenge.ma\/en-marge-du-siel-2020-le-livre-et-la-souris-130207\/\">Cliquez ici pour lire l&rsquo;article depuis sa source.<\/a><\/p>\n","protected":false},"excerpt":{"rendered":"<p>Casablanca accueille depuis le 6 f\u00e9vrier, et ce jusqu\u2019au 16, la 26e \u00e9dition du Salon international de l\u2019\u00e9dition et du livre. Rendez-vous livresque par excellence au moment o\u00f9 le d\u00e9bat sur la lecture \u00e0 l\u2019\u00e8re du Net est d\u2019une actualit\u00e9 br\u00fblante.\u00a0 Tous les param\u00e8tres d\u00e9montrent que nous sommes \u00e0 la traine, depuis des ann\u00e9es. La [&hellip;]<\/p>\n","protected":false},"author":1787,"featured_media":0,"comment_status":"closed","ping_status":"closed","sticky":false,"template":"","format":"standard","meta":{"fifu_image_url":"","fifu_image_alt":"","footnotes":""},"categories":[78,54],"tags":[],"class_list":["post-76207","post","type-post","status-publish","format-standard","hentry","category-economie","category-maroc"],"_links":{"self":[{"href":"https:\/\/linitiative.ca\/International\/wp-json\/wp\/v2\/posts\/76207","targetHints":{"allow":["GET"]}}],"collection":[{"href":"https:\/\/linitiative.ca\/International\/wp-json\/wp\/v2\/posts"}],"about":[{"href":"https:\/\/linitiative.ca\/International\/wp-json\/wp\/v2\/types\/post"}],"author":[{"embeddable":true,"href":"https:\/\/linitiative.ca\/International\/wp-json\/wp\/v2\/users\/1787"}],"replies":[{"embeddable":true,"href":"https:\/\/linitiative.ca\/International\/wp-json\/wp\/v2\/comments?post=76207"}],"version-history":[{"count":0,"href":"https:\/\/linitiative.ca\/International\/wp-json\/wp\/v2\/posts\/76207\/revisions"}],"wp:attachment":[{"href":"https:\/\/linitiative.ca\/International\/wp-json\/wp\/v2\/media?parent=76207"}],"wp:term":[{"taxonomy":"category","embeddable":true,"href":"https:\/\/linitiative.ca\/International\/wp-json\/wp\/v2\/categories?post=76207"},{"taxonomy":"post_tag","embeddable":true,"href":"https:\/\/linitiative.ca\/International\/wp-json\/wp\/v2\/tags?post=76207"}],"curies":[{"name":"wp","href":"https:\/\/api.w.org\/{rel}","templated":true}]}}