{"id":76209,"date":"2020-02-15T14:57:09","date_gmt":"2020-02-15T19:57:09","guid":{"rendered":"https:\/\/linitiative.ca\/International\/urgent-kais-saied-et-elyes-fakhfekh-decident-de-reprendre-les-concertations-pour-le-prochain-gouvernement\/"},"modified":"2020-02-15T14:57:09","modified_gmt":"2020-02-15T19:57:09","slug":"urgent-kais-saied-et-elyes-fakhfekh-decident-de-reprendre-les-concertations-pour-le-prochain-gouvernement","status":"publish","type":"post","link":"https:\/\/linitiative.ca\/International\/urgent-kais-saied-et-elyes-fakhfekh-decident-de-reprendre-les-concertations-pour-le-prochain-gouvernement\/","title":{"rendered":"Urgent\u00a0: kais Saied et Elyes Fakhfekh d\u00e9cident de reprendre les concertations pour le prochain gouvernement"},"content":{"rendered":"<div class=\"post-cont-in left relative\">\n<p>Elyes Fakhfekh a annonc\u00e9 ce soir qu\u2019il\u00a0allait\u00a0<strong>continuer<\/strong> les concertations pour la composition du prochain gouvernement de commun accord avec le pr\u00e9sident <a href=\"https:\/\/www.tunisienumerique.com\/tunisie-actualite\/kais-saied\/\" title=\"Kais Saied\" target=\"_top\" class=\"auto-link\" rel=\"noopener noreferrer\">Kais Saied<\/a>, dans la limite des d\u00e9lais constitutionnels.<\/p>\n<div class=\"code-block code-block-1 c3\"><ins class=\"adsbygoogle c2\" data-ad-layout=\"in-article\" data-ad-format=\"fluid\" data-ad-client=\"ca-pub-2102118777505746\" data-ad-slot=\"7301775417\"\/> <\/div>\n<p>Cette d\u00e9cision a \u00e9t\u00e9 prise suite au <a href=\"https:\/\/www.tunisienumerique.com\/urgent-officiel-ennahdha-ne-va-pas-voter-la-confiance-au-gouvernement-fakhfekh\/\" target=\"_blank\" rel=\"noopener noreferrer\">retrait \u00e0 la derni\u00e8re minute du parti d\u2019Ennahdha<\/a>\u00a0du gouvernement.<\/p>\n<p>Il est \u00e0 rappeler que <a href=\"https:\/\/www.tunisienumerique.com\/tunisie-video-mohamed-abbou-appelle-fakhfekh-a-remplacer-les-ministres-dennahdha-par-des-independants-et-de-la-defier-a-larp\/\" target=\"_blank\" rel=\"noopener noreferrer\">Abbou a appel\u00e9\u00a0Elyes Fakhfekh \u00e0 ne pas fl\u00e9chir sous la pression d\u2019Ennahdha<\/a>. Il lui a propos\u00e9 de remplacer ses ministres partisans par des ind\u00e9pendants.<\/p>\n<div class=\"swp_social_panel swp_horizontal_panel swp_flat_fresh swp_default_full_color swp_individual_full_color swp_other_full_color scale-100 scale-\" data-min-width=\"1100\" data-float-color=\"#ffffff\" data-float=\"bottom\" data-float-mobile=\"bottom\" data-transition=\"slide\">\n<div class=\"nc_tweetContainer swp_share_button total_shares total_sharesalt\"><span class=\"swp_count\">106 <span class=\"swp_label\">Partages<\/span><\/span><\/div>\n<\/div>\n<p><strong>Que se passe-t-il en Tunisie?<\/strong><br \/>Nous expliquons sur notre <a href=\"https:\/\/www.youtube.com\/channel\/UCRzypVq0B_yBad5eGrwBx0Q?sub_confirmation=1\" target=\"_blank\" rel=\"noopener noreferrer\">cha\u00eene YouTube<\/a> . <a href=\"https:\/\/www.youtube.com\/channel\/UCRzypVq0B_yBad5eGrwBx0Q?sub_confirmation=1\" target=\"_blank\" rel=\"noopener noreferrer\">Abonnez-vous!<\/a><\/p>\n<div class=\"mvp-org-wrap mvp-org-logo\" itemprop=\"publisher\" itemscope=\"\" itemtype=\"https:\/\/schema.org\/Organization\"><img decoding=\"async\" src=\"https:\/\/www.tunisienumerique.com\/wp-content\/uploads\/2017\/02\/logo_tunisie_numerique.png\"\/><\/div>\n<div class=\"mvp-related-posts left relative\">\n<h4 class=\"post-header\"><span class=\"post-header\">Lire aussi<\/span><\/h4>\n<\/div>\n<\/div>\n<p>Auteur: balkis<br \/>\n<a href=\"https:\/\/www.tunisienumerique.com\/urgent-kais-saied-et-elyes-fakhfekh-decident-de-reprendre-les-concertations-pour-le-prochain-gouvernement\/\">Cliquez ici pour lire l&rsquo;article depuis sa source.<\/a><\/p>\n","protected":false},"excerpt":{"rendered":"<p>Elyes Fakhfekh a annonc\u00e9 ce soir qu\u2019il\u00a0allait\u00a0continuer les concertations pour la composition du prochain gouvernement de commun accord avec le pr\u00e9sident Kais Saied, dans la limite des d\u00e9lais constitutionnels. Cette d\u00e9cision a \u00e9t\u00e9 prise suite au retrait \u00e0 la derni\u00e8re minute du parti d\u2019Ennahdha\u00a0du gouvernement. Il est \u00e0 rappeler que Abbou a appel\u00e9\u00a0Elyes Fakhfekh \u00e0 [&hellip;]<\/p>\n","protected":false},"author":1789,"featured_media":76210,"comment_status":"closed","ping_status":"closed","sticky":false,"template":"","format":"standard","meta":{"fifu_image_url":"","fifu_image_alt":"","footnotes":""},"categories":[73,55],"tags":[],"class_list":["post-76209","post","type-post","status-publish","format-standard","has-post-thumbnail","hentry","category-actualite","category-tunisie"],"_links":{"self":[{"href":"https:\/\/linitiative.ca\/International\/wp-json\/wp\/v2\/posts\/76209","targetHints":{"allow":["GET"]}}],"collection":[{"href":"https:\/\/linitiative.ca\/International\/wp-json\/wp\/v2\/posts"}],"about":[{"href":"https:\/\/linitiative.ca\/International\/wp-json\/wp\/v2\/types\/post"}],"author":[{"embeddable":true,"href":"https:\/\/linitiative.ca\/International\/wp-json\/wp\/v2\/users\/1789"}],"replies":[{"embeddable":true,"href":"https:\/\/linitiative.ca\/International\/wp-json\/wp\/v2\/comments?post=76209"}],"version-history":[{"count":0,"href":"https:\/\/linitiative.ca\/International\/wp-json\/wp\/v2\/posts\/76209\/revisions"}],"wp:featuredmedia":[{"embeddable":true,"href":"https:\/\/linitiative.ca\/International\/wp-json\/"}],"wp:attachment":[{"href":"https:\/\/linitiative.ca\/International\/wp-json\/wp\/v2\/media?parent=76209"}],"wp:term":[{"taxonomy":"category","embeddable":true,"href":"https:\/\/linitiative.ca\/International\/wp-json\/wp\/v2\/categories?post=76209"},{"taxonomy":"post_tag","embeddable":true,"href":"https:\/\/linitiative.ca\/International\/wp-json\/wp\/v2\/tags?post=76209"}],"curies":[{"name":"wp","href":"https:\/\/api.w.org\/{rel}","templated":true}]}}