{"id":76211,"date":"2020-02-15T16:04:43","date_gmt":"2020-02-15T21:04:43","guid":{"rendered":"https:\/\/linitiative.ca\/International\/tunisie-voila-pourquoi-fakhfekh-ne-pouvait-pas-passer-avec-ennahdha\/"},"modified":"2020-02-15T16:04:43","modified_gmt":"2020-02-15T21:04:43","slug":"tunisie-voila-pourquoi-fakhfekh-ne-pouvait-pas-passer-avec-ennahdha","status":"publish","type":"post","link":"https:\/\/linitiative.ca\/International\/tunisie-voila-pourquoi-fakhfekh-ne-pouvait-pas-passer-avec-ennahdha\/","title":{"rendered":"Tunisie \u2013 Voil\u00e0 pourquoi Fakhfekh ne pouvait pas passer avec Ennahdha"},"content":{"rendered":"<div class=\"post-cont-in left relative\">\n<p>La d\u00e9cision d\u2019<a href=\"https:\/\/www.tunisienumerique.com\/tunisie-actualite\/ennahdha\/\" title=\"Ennahdha\" target=\"_top\" class=\"auto-link\" rel=\"noopener noreferrer\">Ennahdha<\/a> de quitter et de faire tomber le gouvernement de Fakhfekh, a \u00e9t\u00e9 annonc\u00e9e aujourd\u2019hui, \u00e0 trois heures de la pr\u00e9sentation officielle de sa composition. Mais ce qu\u2019il faut savoir, c\u2019est que cette d\u00e9cision est loin d\u2019avoir \u00e9t\u00e9 prise aujourd\u2019hui.<\/p>\n<div class=\"code-block code-block-1 c3\"><ins class=\"adsbygoogle c2\" data-ad-layout=\"in-article\" data-ad-format=\"fluid\" data-ad-client=\"ca-pub-2102118777505746\" data-ad-slot=\"7301775417\"\/> <\/div>\n<p>Elle a, en effet, \u00e9t\u00e9\u00a0d\u00e9cid\u00e9e le jour m\u00eame o\u00f9 Fakhfekh a \u00e9t\u00e9 charg\u00e9 par <a href=\"https:\/\/www.tunisienumerique.com\/tunisie-actualite\/kais-saied\/\" title=\"Ka\u00efs Sa\u00efed\" target=\"_top\" class=\"auto-link\" rel=\"noopener noreferrer\">Ka\u00efs Sa\u00efed<\/a> de former le gouvernement. Si le Cheikh a mis Fakhfekh dans son collimateur, ce n\u2019est point pour sa personne, ni pour son id\u00e9ologie, ni pour aucune autre chose qui le concerne. S\u2019il a d\u00e9cid\u00e9 de s\u2019opposer \u00e0 la formation du gouvernement par Elyes Fakhhfekh, c\u2019est, tout simplement, parce qu\u2019il a \u00e9t\u00e9 choisi par Ka\u00efs Sa\u00efed. Or, il est\u00a0est d\u00e9sormais notoire que\u00a0le Cheikh et Ka\u00efs Sa\u00efed sont loin d\u2019\u00eatre les meilleurs amis du monde.<\/p>\n<p>De ce fait, le Cheikh ne pouvait pas mais, alors, surtout pas, prendre le risque de se retrouver face \u00e0 un front redoutable form\u00e9 par Ka\u00efs Sa\u00efed, un gouvernement qui lui est acquis, avec en prime, ses ennemis de toujours, les hommes de la gauche du Courant D\u00e9mocratique et du Mouvement Echa\u00e2b. Avec ce sc\u00e9nario, le Cheikh \u00e9tait quasiment assur\u00e9 qu\u2019il n\u2019allait pas pouvoir faire long feu et qu\u2019il allait \u00eatre attaqu\u00e9 par cette alliance, de fa\u00e7on \u00e0 ce qu\u2019il ne puisse, m\u00eame pas terminer son mandat si ch\u00e8rement acquis, \u00e0 la chaire de l\u2019ARP.<\/p>\n<p>Pour confirmer cette th\u00e8se, le discours tenu par <a href=\"https:\/\/www.tunisienumerique.com\/tunisie-actualite\/rached-ghannouchi\/\" title=\"Ghannouchi\" target=\"_top\" class=\"auto-link\" rel=\"noopener noreferrer\">Ghannouchi<\/a>, ce samedi, aux membres du conseil de la Choura \u00e9tait on ne peut plus explicite. Ghannouchi s\u2019est adress\u00e9 au conseil en adoptant son\u00a0ton paternaliste habituel. Il leur a jou\u00e9 le r\u00f4le du patriarche humili\u00e9, malmen\u00e9, d\u00e9nigr\u00e9, pour remuer chez eux le sentiment d\u2019appartenance au clan. Ensuite, il leur a expliqu\u00e9 que Fakhfekh n\u2019a pas \u00e9t\u00e9 correct avec lui ni avec le parti. Il a ajout\u00e9 qu\u2019il craignait pour le parti de cette proximit\u00e9 affich\u00e9e entre Fakhfekh et Ka\u00efs Sa\u00efed et pressentait qu\u2019ils\u00a0allaient se retourner contre les islamistes \u00e0 peine le gouvernement mis en place, et qu\u2019ils seront, forc\u00e9ment, aid\u00e9s par le Courant D\u00e9mocratique et le mouvement Echaab. Il a conclu qu\u2019il fallait \u00e0 tout prix, casser ce front auquel ils allaient faire face, quitte \u00e0 revenir \u00e0 des \u00e9lections anticip\u00e9es, qui constitueraient un moindre mal, par rapport au risque qu\u2019ils courraient s\u2019ils mettaient leur destin entre les mains de cette \u00ab\u00a0clique\u00a0\u00bb.<\/p>\n<p>La vraie raison du refus d\u2019accorder la confiance au gouvernement d\u2019<a href=\"https:\/\/www.tunisienumerique.com\/tunisie-actualite\/elyes-fakhfakh\/\" title=\"Elyes Fakhfakh\" target=\"_top\" class=\"auto-link\" rel=\"noopener noreferrer\">Elyes Fakhfakh<\/a> r\u00e9side donc, dans le fait qu\u2019il ait \u00e9t\u00e9 d\u00e9sign\u00e9 par Ka\u00efs Sa\u00efed. Celui-ci aurait d\u00e9sign\u00e9 n\u2019importe qui d\u2019autre, \u00e7\u00e0 n\u2019aurait rien chang\u00e9 \u00e0 la donne, \u00e0 moins que Sa\u00efed ait eu la merveilleuse id\u00e9e de d\u00e9signer un proche des islamistes.<\/p>\n<p>Il faut reconna\u00eetre aussi que Fakhfakh est pour beaucoup dans son \u00e9chec. Car, en dehors du fait qu\u2019Ennahdha allait, de toutes les fa\u00e7ons, lever contre lui le veto, il a tr\u00e8s mal conduit les n\u00e9gociations d\u00e8s le d\u00e9but. Puisqu\u2019il a commis l\u2019imprudence de livrer toutes ses cartes au Cheikh, qui, doit-on le rappeler, a tenu \u00e0 n\u00e9gocier avec lui en personne. Ce qui fait que celui-ci a eu tout le loisir de le laisser venir, pour le contrer \u00e0 chacune de ses propositions. Fakhfekh en est m\u00eame arriv\u00e9 \u00e0 lui accorder huit portefeuilles, autant qu\u2019ils avaient eu du temps de la Tro\u00efka, mais il n\u2019y avait rien \u00e0 faire, toutes ses propositions allaient \u00eatre rejet\u00e9es, une \u00e0 une, jusqu\u2019\u00e0 ce qu\u2019il jette l\u2019\u00e9ponge ou que les d\u00e9lais constitutionnels arrivent \u00e0 terme.<\/p>\n<div class=\"swp_social_panel swp_horizontal_panel swp_flat_fresh swp_default_full_color swp_individual_full_color swp_other_full_color scale-100 scale-\" data-min-width=\"1100\" data-float-color=\"#ffffff\" data-float=\"bottom\" data-float-mobile=\"bottom\" data-transition=\"slide\">\n<div class=\"nc_tweetContainer swp_share_button total_shares total_sharesalt\"><span class=\"swp_count\">0 <span class=\"swp_label\">Partages<\/span><\/span><\/div>\n<\/div>\n<p><strong>Que se passe-t-il en Tunisie?<\/strong><br \/>Nous expliquons sur notre <a href=\"https:\/\/www.youtube.com\/channel\/UCRzypVq0B_yBad5eGrwBx0Q?sub_confirmation=1\" target=\"_blank\" rel=\"noopener noreferrer\">cha\u00eene YouTube<\/a> . <a href=\"https:\/\/www.youtube.com\/channel\/UCRzypVq0B_yBad5eGrwBx0Q?sub_confirmation=1\" target=\"_blank\" rel=\"noopener noreferrer\">Abonnez-vous!<\/a><\/p>\n<div class=\"mvp-org-wrap mvp-org-logo\" itemprop=\"publisher\" itemscope=\"\" itemtype=\"https:\/\/schema.org\/Organization\"><img decoding=\"async\" src=\"https:\/\/www.tunisienumerique.com\/wp-content\/uploads\/2017\/02\/logo_tunisie_numerique.png\"\/><\/div>\n<div class=\"mvp-related-posts left relative\">\n<h4 class=\"post-header\"><span class=\"post-header\">Lire aussi<\/span><\/h4>\n<\/div>\n<\/div>\n<p>Auteur: Ramsis<br \/>\n<a href=\"https:\/\/www.tunisienumerique.com\/tunisie-voila-pourquoi-fakhfekh-ne-pouvait-pas-passer-avec-ennahdha\/\">Cliquez ici pour lire l&rsquo;article depuis sa source.<\/a><\/p>\n","protected":false},"excerpt":{"rendered":"<p>La d\u00e9cision d\u2019Ennahdha de quitter et de faire tomber le gouvernement de Fakhfekh, a \u00e9t\u00e9 annonc\u00e9e aujourd\u2019hui, \u00e0 trois heures de la pr\u00e9sentation officielle de sa composition. Mais ce qu\u2019il faut savoir, c\u2019est que cette d\u00e9cision est loin d\u2019avoir \u00e9t\u00e9 prise aujourd\u2019hui. Elle a, en effet, \u00e9t\u00e9\u00a0d\u00e9cid\u00e9e le jour m\u00eame o\u00f9 Fakhfekh a \u00e9t\u00e9 charg\u00e9 [&hellip;]<\/p>\n","protected":false},"author":1789,"featured_media":76212,"comment_status":"closed","ping_status":"closed","sticky":false,"template":"","format":"standard","meta":{"fifu_image_url":"","fifu_image_alt":"","footnotes":""},"categories":[73,55],"tags":[],"class_list":["post-76211","post","type-post","status-publish","format-standard","has-post-thumbnail","hentry","category-actualite","category-tunisie"],"_links":{"self":[{"href":"https:\/\/linitiative.ca\/International\/wp-json\/wp\/v2\/posts\/76211","targetHints":{"allow":["GET"]}}],"collection":[{"href":"https:\/\/linitiative.ca\/International\/wp-json\/wp\/v2\/posts"}],"about":[{"href":"https:\/\/linitiative.ca\/International\/wp-json\/wp\/v2\/types\/post"}],"author":[{"embeddable":true,"href":"https:\/\/linitiative.ca\/International\/wp-json\/wp\/v2\/users\/1789"}],"replies":[{"embeddable":true,"href":"https:\/\/linitiative.ca\/International\/wp-json\/wp\/v2\/comments?post=76211"}],"version-history":[{"count":0,"href":"https:\/\/linitiative.ca\/International\/wp-json\/wp\/v2\/posts\/76211\/revisions"}],"wp:featuredmedia":[{"embeddable":true,"href":"https:\/\/linitiative.ca\/International\/wp-json\/"}],"wp:attachment":[{"href":"https:\/\/linitiative.ca\/International\/wp-json\/wp\/v2\/media?parent=76211"}],"wp:term":[{"taxonomy":"category","embeddable":true,"href":"https:\/\/linitiative.ca\/International\/wp-json\/wp\/v2\/categories?post=76211"},{"taxonomy":"post_tag","embeddable":true,"href":"https:\/\/linitiative.ca\/International\/wp-json\/wp\/v2\/tags?post=76211"}],"curies":[{"name":"wp","href":"https:\/\/api.w.org\/{rel}","templated":true}]}}