{"id":76213,"date":"2020-02-15T16:24:35","date_gmt":"2020-02-15T21:24:35","guid":{"rendered":"https:\/\/linitiative.ca\/International\/video-kais-saied-linteret-de-la-tunisie-et-du-tunisien-prevaut-sur-tout\/"},"modified":"2020-02-15T16:24:35","modified_gmt":"2020-02-15T21:24:35","slug":"video-kais-saied-linteret-de-la-tunisie-et-du-tunisien-prevaut-sur-tout","status":"publish","type":"post","link":"https:\/\/linitiative.ca\/International\/video-kais-saied-linteret-de-la-tunisie-et-du-tunisien-prevaut-sur-tout\/","title":{"rendered":"VIDEO : Ka\u00efs Sa\u00efed : L\u2019int\u00e9r\u00eat de la Tunisie et du tunisien pr\u00e9vaut sur tout"},"content":{"rendered":"<div class=\"post-cont-in left relative\">\n<p>Le pr\u00e9sident de la R\u00e9publique, <a href=\"https:\/\/www.tunisienumerique.com\/tunisie-actualite\/kais-saied\/\" title=\"Ka\u00efs Sa\u00efed\" target=\"_top\" class=\"auto-link\" rel=\"noopener noreferrer\">Ka\u00efs Sa\u00efed<\/a> a convoqu\u00e9, ce soir, le Secr\u00e9taire g\u00e9n\u00e9ral de l\u2019<a href=\"https:\/\/www.tunisienumerique.com\/tunisie-actualite\/UGTT\/\" title=\"UGTT\" target=\"_top\" class=\"auto-link\" rel=\"noopener noreferrer\">UGTT<\/a>, Noureddine Tabboubi, ainsi que le pr\u00e9sident de l\u2019UTICA, Samir Majoul. L\u2019entretien, qui s\u2019est d\u00e9roul\u00e9 en pr\u00e9sence du chef du gouvernement d\u00e9sign\u00e9, <a href=\"https:\/\/www.tunisienumerique.com\/tunisie-actualite\/elyes-fakhfakh\/\" title=\"Elyes Fakhfakh\" target=\"_top\" class=\"auto-link\" rel=\"noopener noreferrer\">Elyes Fakhfakh<\/a> a \u00e9t\u00e9 l\u2019occasion de discuter avec les parties sociales du pays, des derniers d\u00e9veloppements politiques dans le pays et qui vont avoir des retomb\u00e9es certaines, \u00e9conomiques et sociales sur le tunisien.<\/p>\n<div class=\"code-block code-block-1 c3\"><ins class=\"adsbygoogle c2\" data-ad-layout=\"in-article\" data-ad-format=\"fluid\" data-ad-client=\"ca-pub-2102118777505746\" data-ad-slot=\"7301775417\"\/> <\/div>\n<p>A cette occasion, Sa\u00efed a solennellement annonc\u00e9 qu\u2019il n\u2019y avait aucun int\u00e9r\u00eat qui pr\u00e9vale sur celui de la Nation et que toutes ces manipulations et complots qui sont ourdis en cachette ou de fa\u00e7on affich\u00e9e ne pourraient plus \u00eatre tol\u00e9r\u00e9es.<br \/><iframe loading=\"lazy\" class=\"c4\" src=\"https:\/\/www.facebook.com\/plugins\/video.php?href=https%3A%2F%2Fwww.facebook.com%2FPresidence.tn%2Fvideos%2F3746445688714096%2F&#038;show_text=0&#038;width=560\" width=\"560\" height=\"315\" frameborder=\"0\" scrolling=\"no\" allowfullscreen=\"allowfullscreen\">[embedded content]<\/iframe><\/p>\n<div class=\"swp_social_panel swp_horizontal_panel swp_flat_fresh swp_default_full_color swp_individual_full_color swp_other_full_color scale-100 scale-\" data-min-width=\"1100\" data-float-color=\"#ffffff\" data-float=\"bottom\" data-float-mobile=\"bottom\" data-transition=\"slide\">\n<div class=\"nc_tweetContainer swp_share_button total_shares total_sharesalt\"><span class=\"swp_count\">57 <span class=\"swp_label\">Partages<\/span><\/span><\/div>\n<\/div>\n<p><strong>Que se passe-t-il en Tunisie?<\/strong><br \/>Nous expliquons sur notre <a href=\"https:\/\/www.youtube.com\/channel\/UCRzypVq0B_yBad5eGrwBx0Q?sub_confirmation=1\" target=\"_blank\" rel=\"noopener noreferrer\">cha\u00eene YouTube<\/a> . <a href=\"https:\/\/www.youtube.com\/channel\/UCRzypVq0B_yBad5eGrwBx0Q?sub_confirmation=1\" target=\"_blank\" rel=\"noopener noreferrer\">Abonnez-vous!<\/a><\/p>\n<div class=\"mvp-org-wrap mvp-org-logo\" itemprop=\"publisher\" itemscope=\"\" itemtype=\"https:\/\/schema.org\/Organization\"><img decoding=\"async\" src=\"https:\/\/www.tunisienumerique.com\/wp-content\/uploads\/2017\/02\/logo_tunisie_numerique.png\"\/><\/div>\n<div class=\"mvp-related-posts left relative\">\n<h4 class=\"post-header\"><span class=\"post-header\">Lire aussi<\/span><\/h4>\n<\/div>\n<\/div>\n<p>Auteur: LM<br \/>\n<a href=\"https:\/\/www.tunisienumerique.com\/video-kais-saied-linteret-de-la-tunisie-et-du-tunisien-prevaut-sur-tout\/\">Cliquez ici pour lire l&rsquo;article depuis sa source.<\/a><\/p>\n","protected":false},"excerpt":{"rendered":"<p>Le pr\u00e9sident de la R\u00e9publique, Ka\u00efs Sa\u00efed a convoqu\u00e9, ce soir, le Secr\u00e9taire g\u00e9n\u00e9ral de l\u2019UGTT, Noureddine Tabboubi, ainsi que le pr\u00e9sident de l\u2019UTICA, Samir Majoul. L\u2019entretien, qui s\u2019est d\u00e9roul\u00e9 en pr\u00e9sence du chef du gouvernement d\u00e9sign\u00e9, Elyes Fakhfakh a \u00e9t\u00e9 l\u2019occasion de discuter avec les parties sociales du pays, des derniers d\u00e9veloppements politiques dans [&hellip;]<\/p>\n","protected":false},"author":1789,"featured_media":76214,"comment_status":"closed","ping_status":"closed","sticky":false,"template":"","format":"standard","meta":{"fifu_image_url":"","fifu_image_alt":"","footnotes":""},"categories":[73,55],"tags":[],"class_list":["post-76213","post","type-post","status-publish","format-standard","has-post-thumbnail","hentry","category-actualite","category-tunisie"],"_links":{"self":[{"href":"https:\/\/linitiative.ca\/International\/wp-json\/wp\/v2\/posts\/76213","targetHints":{"allow":["GET"]}}],"collection":[{"href":"https:\/\/linitiative.ca\/International\/wp-json\/wp\/v2\/posts"}],"about":[{"href":"https:\/\/linitiative.ca\/International\/wp-json\/wp\/v2\/types\/post"}],"author":[{"embeddable":true,"href":"https:\/\/linitiative.ca\/International\/wp-json\/wp\/v2\/users\/1789"}],"replies":[{"embeddable":true,"href":"https:\/\/linitiative.ca\/International\/wp-json\/wp\/v2\/comments?post=76213"}],"version-history":[{"count":0,"href":"https:\/\/linitiative.ca\/International\/wp-json\/wp\/v2\/posts\/76213\/revisions"}],"wp:featuredmedia":[{"embeddable":true,"href":"https:\/\/linitiative.ca\/International\/wp-json\/"}],"wp:attachment":[{"href":"https:\/\/linitiative.ca\/International\/wp-json\/wp\/v2\/media?parent=76213"}],"wp:term":[{"taxonomy":"category","embeddable":true,"href":"https:\/\/linitiative.ca\/International\/wp-json\/wp\/v2\/categories?post=76213"},{"taxonomy":"post_tag","embeddable":true,"href":"https:\/\/linitiative.ca\/International\/wp-json\/wp\/v2\/tags?post=76213"}],"curies":[{"name":"wp","href":"https:\/\/api.w.org\/{rel}","templated":true}]}}