{"id":76215,"date":"2020-02-15T16:49:07","date_gmt":"2020-02-15T21:49:07","guid":{"rendered":"https:\/\/linitiative.ca\/International\/tunisie-apres-kais-saied-tabboubi-et-majoul-sentretiennent-avec-rached-ghannouchi\/"},"modified":"2020-02-15T16:49:07","modified_gmt":"2020-02-15T21:49:07","slug":"tunisie-apres-kais-saied-tabboubi-et-majoul-sentretiennent-avec-rached-ghannouchi","status":"publish","type":"post","link":"https:\/\/linitiative.ca\/International\/tunisie-apres-kais-saied-tabboubi-et-majoul-sentretiennent-avec-rached-ghannouchi\/","title":{"rendered":"Tunisie \u2013 Apr\u00e8s Ka\u00efs Sa\u00efed, Tabboubi et Majoul s\u2019entretiennent avec Rached Ghannouchi"},"content":{"rendered":"<div class=\"post-cont-in left relative\">\n<p>L\u2019<a href=\"https:\/\/www.tunisienumerique.com\/tunisie-actualite\/UGTT\/\" title=\"UGTT\" target=\"_top\" class=\"auto-link\" rel=\"noopener noreferrer\">UGTT<\/a> a annonc\u00e9,\u00a0sur sa page Facebook, que le Secr\u00e9taire g\u00e9n\u00e9ral de la centrale syndicale, Noureddine Tabboubi et le pr\u00e9sident de l\u2019UTICA, Samir Majoul allaient s\u2019entretenir, demain matin, avec le pr\u00e9sident d\u2019<a href=\"https:\/\/www.tunisienumerique.com\/tunisie-actualite\/ennahdha\/\" title=\"Ennahdha\" target=\"_top\" class=\"auto-link\" rel=\"noopener noreferrer\">Ennahdha<\/a>, <a href=\"https:\/\/www.tunisienumerique.com\/tunisie-actualite\/rached-ghannouchi\/\" title=\"Rached Ghannouchi\" target=\"_top\" class=\"auto-link\" rel=\"noopener noreferrer\">Rached Ghannouchi<\/a>.<\/p>\n<div class=\"code-block code-block-1 c3\"><ins class=\"adsbygoogle c2\" data-ad-layout=\"in-article\" data-ad-format=\"fluid\" data-ad-client=\"ca-pub-2102118777505746\" data-ad-slot=\"7301775417\"\/> <\/div>\n<p>Cet entretien succ\u00e8de \u00e0 celui qu\u2019ont eu les deux hommes, ce soir, avec <a href=\"https:\/\/www.tunisienumerique.com\/tunisie-actualite\/kais-saied\/\" title=\"Ka\u00efs Sa\u00efed\" target=\"_top\" class=\"auto-link\" rel=\"noopener noreferrer\">Ka\u00efs Sa\u00efed<\/a>, pr\u00e9sident de la R\u00e9publique.<\/p>\n<p><img loading=\"lazy\" decoding=\"async\" class=\"aligncenter size-full wp-image-498465\" src=\"https:\/\/www.tunisienumerique.com\/wp-content\/uploads\/2020\/02\/ugtt-com.jpg\" alt=\"\" width=\"551\" height=\"160\"\/><\/p>\n<div class=\"swp_social_panel swp_horizontal_panel swp_flat_fresh swp_default_full_color swp_individual_full_color swp_other_full_color scale-100 scale-\" data-min-width=\"1100\" data-float-color=\"#ffffff\" data-float=\"bottom\" data-float-mobile=\"bottom\" data-transition=\"slide\">\n<div class=\"nc_tweetContainer swp_share_button total_shares total_sharesalt\"><span class=\"swp_count\">26 <span class=\"swp_label\">Partages<\/span><\/span><\/div>\n<\/div>\n<p><strong>Que se passe-t-il en Tunisie?<\/strong><br \/>Nous expliquons sur notre <a href=\"https:\/\/www.youtube.com\/channel\/UCRzypVq0B_yBad5eGrwBx0Q?sub_confirmation=1\" target=\"_blank\" rel=\"noopener noreferrer\">cha\u00eene YouTube<\/a> . <a href=\"https:\/\/www.youtube.com\/channel\/UCRzypVq0B_yBad5eGrwBx0Q?sub_confirmation=1\" target=\"_blank\" rel=\"noopener noreferrer\">Abonnez-vous!<\/a><\/p>\n<div class=\"mvp-org-wrap mvp-org-logo\" itemprop=\"publisher\" itemscope=\"\" itemtype=\"https:\/\/schema.org\/Organization\"><img decoding=\"async\" src=\"https:\/\/www.tunisienumerique.com\/wp-content\/uploads\/2017\/02\/logo_tunisie_numerique.png\"\/><\/div>\n<div class=\"mvp-related-posts left relative\">\n<h4 class=\"post-header\"><span class=\"post-header\">Lire aussi<\/span><\/h4>\n<\/div>\n<\/div>\n<p>Auteur: LM<br \/>\n<a href=\"https:\/\/www.tunisienumerique.com\/tunisie-apres-kais-saied-tabboubi-et-majoul-sentretiennent-avec-rached-ghannouchi\/\">Cliquez ici pour lire l&rsquo;article depuis sa source.<\/a><\/p>\n","protected":false},"excerpt":{"rendered":"<p>L\u2019UGTT a annonc\u00e9,\u00a0sur sa page Facebook, que le Secr\u00e9taire g\u00e9n\u00e9ral de la centrale syndicale, Noureddine Tabboubi et le pr\u00e9sident de l\u2019UTICA, Samir Majoul allaient s\u2019entretenir, demain matin, avec le pr\u00e9sident d\u2019Ennahdha, Rached Ghannouchi. Cet entretien succ\u00e8de \u00e0 celui qu\u2019ont eu les deux hommes, ce soir, avec Ka\u00efs Sa\u00efed, pr\u00e9sident de la R\u00e9publique. 26 Partages Que [&hellip;]<\/p>\n","protected":false},"author":1789,"featured_media":76216,"comment_status":"closed","ping_status":"closed","sticky":false,"template":"","format":"standard","meta":{"fifu_image_url":"","fifu_image_alt":"","footnotes":""},"categories":[73,55],"tags":[],"class_list":["post-76215","post","type-post","status-publish","format-standard","has-post-thumbnail","hentry","category-actualite","category-tunisie"],"_links":{"self":[{"href":"https:\/\/linitiative.ca\/International\/wp-json\/wp\/v2\/posts\/76215","targetHints":{"allow":["GET"]}}],"collection":[{"href":"https:\/\/linitiative.ca\/International\/wp-json\/wp\/v2\/posts"}],"about":[{"href":"https:\/\/linitiative.ca\/International\/wp-json\/wp\/v2\/types\/post"}],"author":[{"embeddable":true,"href":"https:\/\/linitiative.ca\/International\/wp-json\/wp\/v2\/users\/1789"}],"replies":[{"embeddable":true,"href":"https:\/\/linitiative.ca\/International\/wp-json\/wp\/v2\/comments?post=76215"}],"version-history":[{"count":0,"href":"https:\/\/linitiative.ca\/International\/wp-json\/wp\/v2\/posts\/76215\/revisions"}],"wp:featuredmedia":[{"embeddable":true,"href":"https:\/\/linitiative.ca\/International\/wp-json\/"}],"wp:attachment":[{"href":"https:\/\/linitiative.ca\/International\/wp-json\/wp\/v2\/media?parent=76215"}],"wp:term":[{"taxonomy":"category","embeddable":true,"href":"https:\/\/linitiative.ca\/International\/wp-json\/wp\/v2\/categories?post=76215"},{"taxonomy":"post_tag","embeddable":true,"href":"https:\/\/linitiative.ca\/International\/wp-json\/wp\/v2\/tags?post=76215"}],"curies":[{"name":"wp","href":"https:\/\/api.w.org\/{rel}","templated":true}]}}