{"id":76217,"date":"2020-02-15T17:09:36","date_gmt":"2020-02-15T22:09:36","guid":{"rendered":"https:\/\/linitiative.ca\/International\/tunisie-les-dirigeants-dennhdha-nen-reviennent-pas-quelyes-fakhfakh-les-ait-demasques\/"},"modified":"2020-02-15T17:09:36","modified_gmt":"2020-02-15T22:09:36","slug":"tunisie-les-dirigeants-dennhdha-nen-reviennent-pas-quelyes-fakhfakh-les-ait-demasques","status":"publish","type":"post","link":"https:\/\/linitiative.ca\/International\/tunisie-les-dirigeants-dennhdha-nen-reviennent-pas-quelyes-fakhfakh-les-ait-demasques\/","title":{"rendered":"Tunisie \u2013 Les dirigeants d\u2019Ennhdha n\u2019en reviennent pas qu\u2019Elyes Fakhfakh les ait d\u00e9masqu\u00e9s"},"content":{"rendered":"<div class=\"post-cont-in left relative\">\n<p>Le pr\u00e9sident du bloc parlementaire d\u2019<a href=\"https:\/\/www.tunisienumerique.com\/tunisie-actualite\/ennahdha\/\" title=\"Ennahdha\" target=\"_top\" class=\"auto-link\" rel=\"noopener noreferrer\">Ennahdha<\/a>, Noureddine Bhiri a r\u00e9agi \u00e0 la derni\u00e8re d\u00e9claration du chef du gouvernement d\u00e9sign\u00e9, <a href=\"https:\/\/www.tunisienumerique.com\/tunisie-actualite\/elyes-fakhfakh\/\" title=\"Elyes Fakhfakh\" target=\"_top\" class=\"auto-link\" rel=\"noopener noreferrer\">Elyes Fakhfakh<\/a>, en assurant qu\u2019il ne s\u2019attendait pas \u00e0 ce que Fakhfakh les attaquent sur leur position et d\u00e9voile les dessous des n\u00e9gociations.<\/p>\n<div class=\"code-block code-block-1 c3\"><ins class=\"adsbygoogle c2\" data-ad-layout=\"in-article\" data-ad-format=\"fluid\" data-ad-client=\"ca-pub-2102118777505746\" data-ad-slot=\"7301775417\"\/> <\/div>\n<p>Il a ajout\u00e9 que, de toutes les fa\u00e7ons, ce gouvernement est vou\u00e9 \u00e0 l\u2019\u00e9chec et qu\u2019ils ne vont pas lui accorder la confiance.<\/p>\n<p>Par contre, ce que Bhiri n\u2019a pas relev\u00e9 dans la d\u00e9claration de Fakhfakh, c\u2019est qu\u2019il a eu la correction de ne pas citer tous les ministres d\u2019Ennahdha, dans son cabinet, puisqu\u2019il a eu la d\u00e9cence de nommer certains de leurs poulains en les pr\u00e9sentant comme des ind\u00e9pendants<\/p>\n<div class=\"swp_social_panel swp_horizontal_panel swp_flat_fresh swp_default_full_color swp_individual_full_color swp_other_full_color scale-100 scale-\" data-min-width=\"1100\" data-float-color=\"#ffffff\" data-float=\"bottom\" data-float-mobile=\"bottom\" data-transition=\"slide\">\n<div class=\"nc_tweetContainer swp_share_button total_shares total_sharesalt\"><span class=\"swp_count\">0 <span class=\"swp_label\">Partages<\/span><\/span><\/div>\n<\/div>\n<p><strong>Que se passe-t-il en Tunisie?<\/strong><br \/>Nous expliquons sur notre <a href=\"https:\/\/www.youtube.com\/channel\/UCRzypVq0B_yBad5eGrwBx0Q?sub_confirmation=1\" target=\"_blank\" rel=\"noopener noreferrer\">cha\u00eene YouTube<\/a> . <a href=\"https:\/\/www.youtube.com\/channel\/UCRzypVq0B_yBad5eGrwBx0Q?sub_confirmation=1\" target=\"_blank\" rel=\"noopener noreferrer\">Abonnez-vous!<\/a><\/p>\n<div class=\"mvp-org-wrap mvp-org-logo\" itemprop=\"publisher\" itemscope=\"\" itemtype=\"https:\/\/schema.org\/Organization\"><img decoding=\"async\" src=\"https:\/\/www.tunisienumerique.com\/wp-content\/uploads\/2017\/02\/logo_tunisie_numerique.png\"\/><\/div>\n<div class=\"mvp-related-posts left relative\">\n<h4 class=\"post-header\"><span class=\"post-header\">Lire aussi<\/span><\/h4>\n<\/div>\n<\/div>\n<p>Auteur: LM<br \/>\n<a href=\"https:\/\/www.tunisienumerique.com\/tunisie-les-dirigeants-dennhdha-nen-reviennent-pas-quelyes-fakhfakh-les-ait-demasques\/\">Cliquez ici pour lire l&rsquo;article depuis sa source.<\/a><\/p>\n","protected":false},"excerpt":{"rendered":"<p>Le pr\u00e9sident du bloc parlementaire d\u2019Ennahdha, Noureddine Bhiri a r\u00e9agi \u00e0 la derni\u00e8re d\u00e9claration du chef du gouvernement d\u00e9sign\u00e9, Elyes Fakhfakh, en assurant qu\u2019il ne s\u2019attendait pas \u00e0 ce que Fakhfakh les attaquent sur leur position et d\u00e9voile les dessous des n\u00e9gociations. Il a ajout\u00e9 que, de toutes les fa\u00e7ons, ce gouvernement est vou\u00e9 \u00e0 [&hellip;]<\/p>\n","protected":false},"author":1789,"featured_media":76218,"comment_status":"closed","ping_status":"closed","sticky":false,"template":"","format":"standard","meta":{"fifu_image_url":"","fifu_image_alt":"","footnotes":""},"categories":[73,55],"tags":[],"class_list":["post-76217","post","type-post","status-publish","format-standard","has-post-thumbnail","hentry","category-actualite","category-tunisie"],"_links":{"self":[{"href":"https:\/\/linitiative.ca\/International\/wp-json\/wp\/v2\/posts\/76217","targetHints":{"allow":["GET"]}}],"collection":[{"href":"https:\/\/linitiative.ca\/International\/wp-json\/wp\/v2\/posts"}],"about":[{"href":"https:\/\/linitiative.ca\/International\/wp-json\/wp\/v2\/types\/post"}],"author":[{"embeddable":true,"href":"https:\/\/linitiative.ca\/International\/wp-json\/wp\/v2\/users\/1789"}],"replies":[{"embeddable":true,"href":"https:\/\/linitiative.ca\/International\/wp-json\/wp\/v2\/comments?post=76217"}],"version-history":[{"count":0,"href":"https:\/\/linitiative.ca\/International\/wp-json\/wp\/v2\/posts\/76217\/revisions"}],"wp:featuredmedia":[{"embeddable":true,"href":"https:\/\/linitiative.ca\/International\/wp-json\/"}],"wp:attachment":[{"href":"https:\/\/linitiative.ca\/International\/wp-json\/wp\/v2\/media?parent=76217"}],"wp:term":[{"taxonomy":"category","embeddable":true,"href":"https:\/\/linitiative.ca\/International\/wp-json\/wp\/v2\/categories?post=76217"},{"taxonomy":"post_tag","embeddable":true,"href":"https:\/\/linitiative.ca\/International\/wp-json\/wp\/v2\/tags?post=76217"}],"curies":[{"name":"wp","href":"https:\/\/api.w.org\/{rel}","templated":true}]}}