{"id":76219,"date":"2020-02-15T16:18:03","date_gmt":"2020-02-15T21:18:03","guid":{"rendered":"https:\/\/linitiative.ca\/International\/larmee-mauritanienne-arrete-six-trafiquants-de-drogue-dans-le-nord-du-pays\/"},"modified":"2020-02-15T16:18:03","modified_gmt":"2020-02-15T21:18:03","slug":"larmee-mauritanienne-arrete-six-trafiquants-de-drogue-dans-le-nord-du-pays","status":"publish","type":"post","link":"https:\/\/linitiative.ca\/International\/larmee-mauritanienne-arrete-six-trafiquants-de-drogue-dans-le-nord-du-pays\/","title":{"rendered":"L\u2019arm\u00e9e mauritanienne arr\u00eate six trafiquants de drogue dans le nord du pays"},"content":{"rendered":"<div readability=\"32\">\n<p>Publi\u00e9 le 15.02.2020 \u00e0 22h18 par APA News<\/p>\n<\/div>\n<div readability=\"55\">\n<p>L\u2019arm\u00e9e mauritanienne a annonc\u00e9 samedi avoir captur\u00e9 six trafiquants de drogue suite \u00e0 une op\u00e9ration militaire dans le nord du pays.Au cours de l\u2019op\u00e9ration, des v\u00e9hicules, des armes automatiques, des munitions, un kilogramme de stup\u00e9fiants, 600 litres d\u2019essence et des t\u00e9l\u00e9phones cellulaires ont \u00e9t\u00e9 confisqu\u00e9s.<\/p>\n<p>Selon le communiqu\u00e9 de l\u2019arm\u00e9e, l\u2019aviation a\u00e9rienne mauritanienne a lanc\u00e9 un raid sur la bande compos\u00e9e de six \u00e9l\u00e9ments avant que deux unit\u00e9s terrestres n\u2019interviennent pour les neutraliser.<\/p>\n<p>Il n\u2019a pas \u00e9voqu\u00e9 de victimes lors de cette op\u00e9ration d\u00e9cid\u00e9e sur la base de renseignements obtenus par l\u2019arm\u00e9e mauritanienne sur les mouvements des trafiquants.<\/p>\n<p>Ces derniers venaient de la fronti\u00e8re nord de la Mauritanie et se dirigeaient vers le Mali o\u00f9 ils devaient \u00eatre accueillis par une autre personne \u00e0 la lisi\u00e8re des deux territoires.<\/p>\n<p>L\u2019arm\u00e9e mauritanienne intervient souvent dans la vaste zone inhabit\u00e9e du sud-est du pays contre les trafiquants de drogue et d\u2019armes et les autres criminels ou terroristes qui se d\u00e9placent au voisinage du nord malien.<\/p>\n<\/div>\n<p>Auteur: APA News<br \/>\n<a href=\"https:\/\/www.journalducameroun.com\/larmee-mauritanienne-arrete-six-trafiquants-de-drogue-dans-le-nord-du-pays\/\">Cliquez ici pour lire l&rsquo;article depuis sa source.<\/a><\/p>\n","protected":false},"excerpt":{"rendered":"<p>Publi\u00e9 le 15.02.2020 \u00e0 22h18 par APA News L\u2019arm\u00e9e mauritanienne a annonc\u00e9 samedi avoir captur\u00e9 six trafiquants de drogue suite \u00e0 une op\u00e9ration militaire dans le nord du pays.Au cours de l\u2019op\u00e9ration, des v\u00e9hicules, des armes automatiques, des munitions, un kilogramme de stup\u00e9fiants, 600 litres d\u2019essence et des t\u00e9l\u00e9phones cellulaires ont \u00e9t\u00e9 confisqu\u00e9s. Selon le [&hellip;]<\/p>\n","protected":false},"author":1965,"featured_media":0,"comment_status":"closed","ping_status":"closed","sticky":false,"template":"","format":"standard","meta":{"fifu_image_url":"","fifu_image_alt":"","footnotes":""},"categories":[73,82],"tags":[],"class_list":["post-76219","post","type-post","status-publish","format-standard","hentry","category-actualite","category-cameroun"],"_links":{"self":[{"href":"https:\/\/linitiative.ca\/International\/wp-json\/wp\/v2\/posts\/76219","targetHints":{"allow":["GET"]}}],"collection":[{"href":"https:\/\/linitiative.ca\/International\/wp-json\/wp\/v2\/posts"}],"about":[{"href":"https:\/\/linitiative.ca\/International\/wp-json\/wp\/v2\/types\/post"}],"author":[{"embeddable":true,"href":"https:\/\/linitiative.ca\/International\/wp-json\/wp\/v2\/users\/1965"}],"replies":[{"embeddable":true,"href":"https:\/\/linitiative.ca\/International\/wp-json\/wp\/v2\/comments?post=76219"}],"version-history":[{"count":0,"href":"https:\/\/linitiative.ca\/International\/wp-json\/wp\/v2\/posts\/76219\/revisions"}],"wp:attachment":[{"href":"https:\/\/linitiative.ca\/International\/wp-json\/wp\/v2\/media?parent=76219"}],"wp:term":[{"taxonomy":"category","embeddable":true,"href":"https:\/\/linitiative.ca\/International\/wp-json\/wp\/v2\/categories?post=76219"},{"taxonomy":"post_tag","embeddable":true,"href":"https:\/\/linitiative.ca\/International\/wp-json\/wp\/v2\/tags?post=76219"}],"curies":[{"name":"wp","href":"https:\/\/api.w.org\/{rel}","templated":true}]}}