{"id":76220,"date":"2020-02-15T16:18:05","date_gmt":"2020-02-15T21:18:05","guid":{"rendered":"https:\/\/linitiative.ca\/International\/le-cameroun-accelere-sa-preparation-au-coronavirus-ministre\/"},"modified":"2020-02-15T16:18:05","modified_gmt":"2020-02-15T21:18:05","slug":"le-cameroun-accelere-sa-preparation-au-coronavirus-ministre","status":"publish","type":"post","link":"https:\/\/linitiative.ca\/International\/le-cameroun-accelere-sa-preparation-au-coronavirus-ministre\/","title":{"rendered":"Le Cameroun acc\u00e9l\u00e8re sa pr\u00e9paration au coronavirus (ministre)"},"content":{"rendered":"<div readability=\"32\">\n<p>Publi\u00e9 le 15.02.2020 \u00e0 22h18 par APA News<\/p>\n<\/div>\n<div readability=\"76\">\n<p>Le Cameroun a acc\u00e9l\u00e9r\u00e9 sa pr\u00e9paration au coronavirus, a annonc\u00e9 samedi le ministre de la Sant\u00e9 publique, Manaouda Malachie.Les cam\u00e9ras thermiques, thermo-flashes, \u00e9quipements de protection, salles d\u2019isolement aussi bien aux a\u00e9roports, aux ports et aux autres postes fronti\u00e8res, sont d\u00e9j\u00e0 op\u00e9rationnels y compris \u00e0 l\u2019h\u00f4pital central de Yaound\u00e9, la capitale que dans la m\u00e9tropole \u00e9conomique, Douala, a-t-il indiqu\u00e9 sur les r\u00e9seaux sociaux.<\/p>\n<p>\u00a0Dans le m\u00eame temps, et au regard des derni\u00e8res \u00e9volutions de la maladie \u00e0 coronavirus, la cellule de crise qui avait \u00e9t\u00e9 activ\u00e9e est renforc\u00e9e et un num\u00e9ro vert, le 1510, est mis en service afin de r\u00e9pondre \u00e0 toutes les pr\u00e9occupations des citoyens. \u00abRestons vigilants et observons les r\u00e8gles d\u2019hygi\u00e8ne\u00bb, lance-t-il pour finir.<\/p>\n<p>\u00a0En d\u00e9but f\u00e9vrier, le Cameroun avait d\u00e9j\u00e0 suspendu, \u00abjusqu\u2019\u00e0 nouvel ordre\u00bb, la d\u00e9livrance des avis techniques d\u2019importation d\u2019animaux vivants, de produits d\u2019origine animale et halieutique, frais ou congel\u00e9s et non manufactur\u00e9s,\u00a0en provenance\u00a0\u00abdes pays abritant des foyers actifs\u00bb du coronavirus.<\/p>\n<p>\u00a0Dans le m\u00eame temps, le minist\u00e8re de l\u2019\u00c9levage, des P\u00eaches et des Industries animales a demand\u00e9 \u00e0 ses cadres de terrain de\u2009prendre toutes les dispositions n\u00e9cessaires visant \u00e0 maintenir la veille sanitaire active des services v\u00e9t\u00e9rinaires sur toute l\u2019\u00e9tendue du territoire national, et par ailleurs de renforcer les mesures d\u2019inspection et de contr\u00f4le sanitaire v\u00e9t\u00e9rinaire aux fronti\u00e8res portuaires, a\u00e9roportuaires, terrestres ainsi qu\u2019aux diff\u00e9rents postes de contr\u00f4le sanitaire.<\/p>\n<\/div>\n<p>Auteur: APA News<br \/>\n<a href=\"https:\/\/www.journalducameroun.com\/le-cameroun-accelere-sa-preparation-au-coronavirus-ministre\/\">Cliquez ici pour lire l&rsquo;article depuis sa source.<\/a><\/p>\n","protected":false},"excerpt":{"rendered":"<p>Publi\u00e9 le 15.02.2020 \u00e0 22h18 par APA News Le Cameroun a acc\u00e9l\u00e9r\u00e9 sa pr\u00e9paration au coronavirus, a annonc\u00e9 samedi le ministre de la Sant\u00e9 publique, Manaouda Malachie.Les cam\u00e9ras thermiques, thermo-flashes, \u00e9quipements de protection, salles d\u2019isolement aussi bien aux a\u00e9roports, aux ports et aux autres postes fronti\u00e8res, sont d\u00e9j\u00e0 op\u00e9rationnels y compris \u00e0 l\u2019h\u00f4pital central de [&hellip;]<\/p>\n","protected":false},"author":1965,"featured_media":0,"comment_status":"closed","ping_status":"closed","sticky":false,"template":"","format":"standard","meta":{"fifu_image_url":"","fifu_image_alt":"","footnotes":""},"categories":[73,82],"tags":[],"class_list":["post-76220","post","type-post","status-publish","format-standard","hentry","category-actualite","category-cameroun"],"_links":{"self":[{"href":"https:\/\/linitiative.ca\/International\/wp-json\/wp\/v2\/posts\/76220","targetHints":{"allow":["GET"]}}],"collection":[{"href":"https:\/\/linitiative.ca\/International\/wp-json\/wp\/v2\/posts"}],"about":[{"href":"https:\/\/linitiative.ca\/International\/wp-json\/wp\/v2\/types\/post"}],"author":[{"embeddable":true,"href":"https:\/\/linitiative.ca\/International\/wp-json\/wp\/v2\/users\/1965"}],"replies":[{"embeddable":true,"href":"https:\/\/linitiative.ca\/International\/wp-json\/wp\/v2\/comments?post=76220"}],"version-history":[{"count":0,"href":"https:\/\/linitiative.ca\/International\/wp-json\/wp\/v2\/posts\/76220\/revisions"}],"wp:attachment":[{"href":"https:\/\/linitiative.ca\/International\/wp-json\/wp\/v2\/media?parent=76220"}],"wp:term":[{"taxonomy":"category","embeddable":true,"href":"https:\/\/linitiative.ca\/International\/wp-json\/wp\/v2\/categories?post=76220"},{"taxonomy":"post_tag","embeddable":true,"href":"https:\/\/linitiative.ca\/International\/wp-json\/wp\/v2\/tags?post=76220"}],"curies":[{"name":"wp","href":"https:\/\/api.w.org\/{rel}","templated":true}]}}