{"id":76222,"date":"2020-02-15T17:18:03","date_gmt":"2020-02-15T22:18:03","guid":{"rendered":"https:\/\/linitiative.ca\/International\/maroc-fes-integre-le-reseau-mondial-des-villes-les-plus-engagees-contre-le-vih-sida\/"},"modified":"2020-02-15T17:18:03","modified_gmt":"2020-02-15T22:18:03","slug":"maroc-fes-integre-le-reseau-mondial-des-villes-les-plus-engagees-contre-le-vih-sida","status":"publish","type":"post","link":"https:\/\/linitiative.ca\/International\/maroc-fes-integre-le-reseau-mondial-des-villes-les-plus-engagees-contre-le-vih-sida\/","title":{"rendered":"Maroc : F\u00e8s int\u00e8gre le r\u00e9seau mondial des villes les plus engag\u00e9es contre le VIH\/Sida"},"content":{"rendered":"<div readability=\"32\">\n<p>Publi\u00e9 le 15.02.2020 \u00e0 23h18 par APA News<\/p>\n<\/div>\n<div readability=\"83\">\n<p>La capitale spirituelle du Maroc, F\u00e8s a int\u00e9gr\u00e9 le r\u00e9seau mondial des villes les plus engag\u00e9es contre le Sida, dit \u00ab Fast track cities \u00bb, qui constitue une approche visant \u00e0 acc\u00e9l\u00e9rer les ripostes locales des villes face \u00e0 cette maladie.C\u2019est dans ce cadre qu\u2019a \u00e9t\u00e9 sign\u00e9 la d\u00e9claration \u00ab Ville sans sida \u00bb, qui permettra \u00e0 F\u00e8s de faire partie de cette d\u00e9marche, appuy\u00e9e par quatre partenaires principaux, en l\u2019occurrence l\u2019Association internationale des dispensateurs de soins contre le SIDA (IAPAC), l\u2019ONU-SIDA, l\u2019ONU-Habitat et la ville de Paris.<\/p>\n<p>Ce partenariat vise \u00e0 soutenir les villes prioritaires dans l\u2019acc\u00e9l\u00e9ration de leur riposte au VIH, afin de respecter les engagements pris dans la D\u00e9claration de Paris pour en finir avec l\u2019\u00e9pid\u00e9mie d\u2019ici \u00e0 2030. Plus de 300 villes et municipalit\u00e9s ont sign\u00e9 la D\u00e9claration de Paris depuis son lancement le 1-er d\u00e9cembre 2014.<\/p>\n<p>La charte \u00ab ville sans sida pour F\u00e8s \u00bb, qui embo\u00eete ainsi le pas aux villes de Rabat, Marrakech et Casablanca, a \u00e9t\u00e9 sign\u00e9e, \u00e0 cette occasion, par le maire de F\u00e8s, Driss El Azami Idrissi. Il a \u00e9t\u00e9 proc\u00e9d\u00e9, \u00e9galement, \u00e0 la signature de la charte de l\u2019engagement par l\u2019ensemble des partenaires.<\/p>\n<p>Il a \u00e9t\u00e9 proc\u00e9d\u00e9, \u00e9galement, \u00e0 la signature de la charte de l\u2019engagement par l\u2019ensemble des partenaires.<\/p>\n<p>Selon le directeur de l\u2019ONU-SIDA au Maroc, Kamal Alami, l\u2019engagement de F\u00e8s permettra la responsabilisation des acteurs de la ville pour la promotion d\u2019action de sensibilisation, de pr\u00e9vention, de prise en charge et de lutte contre la discrimination, ajoutant qu\u2019il renforcera la concertation entre les acteurs et l\u2019appui aux projets de la soci\u00e9t\u00e9 civile en mati\u00e8re de lutte contre le Sida.<\/p>\n<p>L\u2019ALCS estime que la r\u00e9ussite d\u00e9pend des villes, qui doivent investir en amont et intensifier le rythme de la fourniture des services de prise en charge du VIH, en particulier le d\u00e9ploiement du traitement antir\u00e9troviral.<\/p>\n<\/div>\n<p>Auteur: APA News<br \/>\n<a href=\"https:\/\/www.journalducameroun.com\/maroc-fes-integre-le-reseau-mondial-des-villes-les-plus-engagees-contre-le-vih-sida\/\">Cliquez ici pour lire l&rsquo;article depuis sa source.<\/a><\/p>\n","protected":false},"excerpt":{"rendered":"<p>Publi\u00e9 le 15.02.2020 \u00e0 23h18 par APA News La capitale spirituelle du Maroc, F\u00e8s a int\u00e9gr\u00e9 le r\u00e9seau mondial des villes les plus engag\u00e9es contre le Sida, dit \u00ab Fast track cities \u00bb, qui constitue une approche visant \u00e0 acc\u00e9l\u00e9rer les ripostes locales des villes face \u00e0 cette maladie.C\u2019est dans ce cadre qu\u2019a \u00e9t\u00e9 sign\u00e9 [&hellip;]<\/p>\n","protected":false},"author":1965,"featured_media":0,"comment_status":"closed","ping_status":"closed","sticky":false,"template":"","format":"standard","meta":{"fifu_image_url":"","fifu_image_alt":"","footnotes":""},"categories":[73,82],"tags":[],"class_list":["post-76222","post","type-post","status-publish","format-standard","hentry","category-actualite","category-cameroun"],"_links":{"self":[{"href":"https:\/\/linitiative.ca\/International\/wp-json\/wp\/v2\/posts\/76222","targetHints":{"allow":["GET"]}}],"collection":[{"href":"https:\/\/linitiative.ca\/International\/wp-json\/wp\/v2\/posts"}],"about":[{"href":"https:\/\/linitiative.ca\/International\/wp-json\/wp\/v2\/types\/post"}],"author":[{"embeddable":true,"href":"https:\/\/linitiative.ca\/International\/wp-json\/wp\/v2\/users\/1965"}],"replies":[{"embeddable":true,"href":"https:\/\/linitiative.ca\/International\/wp-json\/wp\/v2\/comments?post=76222"}],"version-history":[{"count":0,"href":"https:\/\/linitiative.ca\/International\/wp-json\/wp\/v2\/posts\/76222\/revisions"}],"wp:attachment":[{"href":"https:\/\/linitiative.ca\/International\/wp-json\/wp\/v2\/media?parent=76222"}],"wp:term":[{"taxonomy":"category","embeddable":true,"href":"https:\/\/linitiative.ca\/International\/wp-json\/wp\/v2\/categories?post=76222"},{"taxonomy":"post_tag","embeddable":true,"href":"https:\/\/linitiative.ca\/International\/wp-json\/wp\/v2\/tags?post=76222"}],"curies":[{"name":"wp","href":"https:\/\/api.w.org\/{rel}","templated":true}]}}