{"id":76223,"date":"2020-02-15T17:18:05","date_gmt":"2020-02-15T22:18:05","guid":{"rendered":"https:\/\/linitiative.ca\/International\/maroc-la-chaine-medi-1-tv-confirme-son-leadership-digital\/"},"modified":"2020-02-15T17:18:05","modified_gmt":"2020-02-15T22:18:05","slug":"maroc-la-chaine-medi-1-tv-confirme-son-leadership-digital","status":"publish","type":"post","link":"https:\/\/linitiative.ca\/International\/maroc-la-chaine-medi-1-tv-confirme-son-leadership-digital\/","title":{"rendered":"Maroc : La chaine Medi 1 TV confirme son  leadership digital"},"content":{"rendered":"<div readability=\"32\">\n<p>Publi\u00e9 le 15.02.2020 \u00e0 23h18 par APA News<\/p>\n<\/div>\n<div readability=\"114\">\n<p>La cha\u00eene marocaine d\u2019information en continu, Medi 1 TV a r\u00e9v\u00e9l\u00e9 les chiffres cl\u00e9s de son audience digitale en 2019 et ses ambitions dans le cadre du d\u00e9veloppement digital du groupe, a annonc\u00e9 la cha\u00eene dans un communiqu\u00e9.Un chiffre impressionnant, Medi1TV, la chaine d\u2019information en continu bas\u00e9e \u00e0 Tanger avec des studios \u00e0 Rabat, Dakar, Abidjan, Nouakchott, Washington, Bruxelles et Le Caire, r\u00e9v\u00e8le les chiffres cl\u00e9s de son audience digitale en 2019 et ses ambitions dans le cadre du d\u00e9veloppement digital du groupe.<\/p>\n<p>Selon le rapport \u00ab Digital in 2020 \u00bb, Medi1TV, bas\u00e9e \u00e0 Tanger avec des studios \u00e0 Rabat, Dakar, Abidjan, Nouakchott, Washington, Bruxelles et le Caire, confirme son leadership sur les r\u00e9seaux sociaux qui totalisent une audience de plus de 10 millions d\u2019utilisateurs \u00e0 travers ses diverses plateformes digitales et plus de 11 millions d\u2019interactions de ses fans en 2019.<\/p>\n<p>De plus, selon le site Social Bakers qui mesure l\u2019influence des marques sur les r\u00e9seaux sociaux, Medi1TV figure encore une fois dans le top 3 des m\u00e9dias marocains avec les plus fortes communaut\u00e9s de fans et d\u2019abonn\u00e9s, se pla\u00e7ant en 2\u00e8me position sur Twitter et en 3\u00e8me position sur Facebook et Youtube, indique le communiqu\u00e9.<\/p>\n<p>Avec ses 6.5 millions de fans sur Facebook et son fort taux d\u2019engagement, Medi1TV, leader depuis plusieurs ann\u00e9es sur ce r\u00e9seau social, consolide ses performances avec des r\u00e9sultats significatifs en 2019, notamment avec 220 millions de vid\u00e9os vues et 427 millions de personnes touch\u00e9es l\u2019an dernier, poursuit la m\u00eame source, ajoutant que Youtube et Instagram ressortent comme les deux plateformes qui ont enregistre la plus nette progression en terme d\u2019audience et de vues en 2019.<\/p>\n<p>Avec ses 251 millions de vid\u00e9os vues et ses 780 mille nouveaux abonn\u00e9s sur Youtube, Medi1TV enregistre une croissance de 60% de vues et de 55% de membres. Cependant, c\u2019est sur Instagram, le r\u00e9seau le plus en vogue et influent du moment, que Medi1TV enregistre la plus forte croissance avec une hausse de 455% de vid\u00e9os vues (16 millions) et de 116% de nouveaux abonn\u00e9s (253 mille) par rapport \u00e0 l\u2019ann\u00e9e 2018, pr\u00e9cise-t-on de m\u00eame source.<\/p>\n<p>Les experts du digital confirment, poursuit le communiqu\u00e9, que la vid\u00e9o restera le medium le plus utilis\u00e9 et partag\u00e9 par les utilisateurs dans le monde en 2020, faisant noter que ceci conforte le positionnement actuel de Medi1TV qui a focalis\u00e9 sa strat\u00e9gie digitale sur l\u2019exp\u00e9rience vid\u00e9o et a enregistr\u00e9 une ascension fulgurante du nombre de vid\u00e9os vues cette ann\u00e9e.<\/p>\n<p>Au total, Medi1TV comptabilise \u00e0 ce jour plus de 1 milliard et demi de vid\u00e9os vues sur l\u2019ensemble de ses plateformes digitales, alors que l\u2019ann\u00e9e 2019 a enregistr\u00e9 ; a elle seule, un demi milliard de vid\u00e9os vues, soit un tiers de cette performance globale, rappelle-t-on.<\/p>\n<p>Quant \u00e0 la transformation digitale du groupe, le communiqu\u00e9 rel\u00e8ve que Medi1TV produit chaque jour sur son site medi1tv.com une moyenne de 96 publications en arabe et en fran\u00e7ais \u2013 articles multim\u00e9dia, moments forts des programmes et capsules exclu web \u2013 avec un total de 35.000 contenus digitaux publi\u00e9s pour l\u2019ann\u00e9e 2019, notant que Medi1TV ambitionne d\u2019augmenter encore davantage les contenus exclusifs sur le digital, en plus des contenus TV digitalis\u00e9s.<\/p>\n<\/div>\n<p>Auteur: APA News<br \/>\n<a href=\"https:\/\/www.journalducameroun.com\/maroc-la-chaine-medi-1-tv-confirme-son-leadership-digital\/\">Cliquez ici pour lire l&rsquo;article depuis sa source.<\/a><\/p>\n","protected":false},"excerpt":{"rendered":"<p>Publi\u00e9 le 15.02.2020 \u00e0 23h18 par APA News La cha\u00eene marocaine d\u2019information en continu, Medi 1 TV a r\u00e9v\u00e9l\u00e9 les chiffres cl\u00e9s de son audience digitale en 2019 et ses ambitions dans le cadre du d\u00e9veloppement digital du groupe, a annonc\u00e9 la cha\u00eene dans un communiqu\u00e9.Un chiffre impressionnant, Medi1TV, la chaine d\u2019information en continu bas\u00e9e [&hellip;]<\/p>\n","protected":false},"author":1965,"featured_media":0,"comment_status":"closed","ping_status":"closed","sticky":false,"template":"","format":"standard","meta":{"fifu_image_url":"","fifu_image_alt":"","footnotes":""},"categories":[73,82],"tags":[],"class_list":["post-76223","post","type-post","status-publish","format-standard","hentry","category-actualite","category-cameroun"],"_links":{"self":[{"href":"https:\/\/linitiative.ca\/International\/wp-json\/wp\/v2\/posts\/76223","targetHints":{"allow":["GET"]}}],"collection":[{"href":"https:\/\/linitiative.ca\/International\/wp-json\/wp\/v2\/posts"}],"about":[{"href":"https:\/\/linitiative.ca\/International\/wp-json\/wp\/v2\/types\/post"}],"author":[{"embeddable":true,"href":"https:\/\/linitiative.ca\/International\/wp-json\/wp\/v2\/users\/1965"}],"replies":[{"embeddable":true,"href":"https:\/\/linitiative.ca\/International\/wp-json\/wp\/v2\/comments?post=76223"}],"version-history":[{"count":0,"href":"https:\/\/linitiative.ca\/International\/wp-json\/wp\/v2\/posts\/76223\/revisions"}],"wp:attachment":[{"href":"https:\/\/linitiative.ca\/International\/wp-json\/wp\/v2\/media?parent=76223"}],"wp:term":[{"taxonomy":"category","embeddable":true,"href":"https:\/\/linitiative.ca\/International\/wp-json\/wp\/v2\/categories?post=76223"},{"taxonomy":"post_tag","embeddable":true,"href":"https:\/\/linitiative.ca\/International\/wp-json\/wp\/v2\/tags?post=76223"}],"curies":[{"name":"wp","href":"https:\/\/api.w.org\/{rel}","templated":true}]}}