{"id":76225,"date":"2020-02-15T04:49:36","date_gmt":"2020-02-15T09:49:36","guid":{"rendered":"https:\/\/linitiative.ca\/International\/elecam-minat-et-mincom-satisfaits-du-deroulement-du-scrutin\/"},"modified":"2020-02-15T04:49:36","modified_gmt":"2020-02-15T09:49:36","slug":"elecam-minat-et-mincom-satisfaits-du-deroulement-du-scrutin","status":"publish","type":"post","link":"https:\/\/linitiative.ca\/International\/elecam-minat-et-mincom-satisfaits-du-deroulement-du-scrutin\/","title":{"rendered":"Elecam, Minat et Mincom satisfaits du d\u00e9roulement du scrutin"},"content":{"rendered":"<div class=\"featured-area featured-area-inner\" readability=\"7\"><img loading=\"lazy\" decoding=\"async\" width=\"780\" height=\"405\" src=\"https:\/\/i2.wp.com\/ecomatin.net\/wp-content\/uploads\/2019\/12\/presidentielles-2018-elecam-maintiendra-des-bureaux-de-vote-dans-actu-pluscm_2326643.jpg?resize=780%2C405&#038;ssl=1&#038;is-pending-load=1\" class=\"attachment-jannah-image-post size-jannah-image-post wp-post-image jetpack-lazy-image\" alt=\"\" srcset=\"data:image\/gif;base64,R0lGODlhAQABAIAAAAAAAP\/\/\/yH5BAEAAAAALAAAAAABAAEAAAIBRAA7\"\/> Le gouvernement satisfait du d\u00e9roulement du vote<\/div>\n<div class=\"entry-content entry clearfix\" readability=\"67.6368814525\">\n<p>Le ton est quasiment partag\u00e9. Elections Cameroon (Elecam), le ministre de l\u2019Administration territoire (Minat) et celui de la Communication (Mincom) ont livr\u00e9 leurs premiers bilans respectifs sur la tenue des L\u00e9gislatives et Municipales du 9 f\u00e9vrier 2020. Au soir de ces \u00e9lections, le Minat Paul Atanga Nji s\u2019est r\u00e9joui de ce que \u00ab le mot d\u2019ordre de boycott a \u00e9t\u00e9 ignor\u00e9 par l\u2019immense majorit\u00e9 des Camerounais (\u2026) Les \u00e9lections l\u00e9gislatives et municipales se sont d\u00e9roul\u00e9es dans le calme et la transparence dans l\u2019ensemble du pays (\u2026) Les rapports re\u00e7us des autorit\u00e9s administratives indiquent que les \u00e9lections se sont effectivement tenues dans les 10 r\u00e9gions, les 58 d\u00e9partements et les 360 arrondissements du Cameroun \u00bb. Le minist\u00e8re de l\u2019Administration territoriale, \u00e0 travers les autorit\u00e9s administratives, a accord\u00e9 \u00e0 Elecam, organe ind\u00e9pendant en charge de l\u2019organisation des \u00e9lections, l\u2019encadrement s\u00e9curitaire pour le bon d\u00e9roulement du d\u00e9roulement du double scrutin, a-t-il ajout\u00e9 lors de sa d\u00e9claration.<\/p>\n<p>Un scrutin dans l\u2019ordre et la discipline Paul Atanga Nji a demand\u00e9 \u00e0 tous les acteurs politiques ayant pris part aux \u00e9lections d\u2019utiliser les voies de recours l\u00e9gales en cas de n\u00e9cessit\u00e9. Et le patron du Commandement d\u2019indiquer que les r\u00e9serves soulev\u00e9es par les partis politiques en comp\u00e9tition ne peuvent pas entacher la cr\u00e9dibilit\u00e9 du scrutin et la sinc\u00e9rit\u00e9 des r\u00e9sultats lorsqu\u2019ils seront proclam\u00e9s par les instances comp\u00e9tences. Pour le directeur g\u00e9n\u00e9ral d\u2019Elecam, Erik Essousse, \u00ab les \u00e9lections se sont d\u00e9roul\u00e9es sur l\u2019ensemble du territoire national, dans les 26 336 bureaux de vote dans le calme, l\u2019ordre et la discipline \u00bb. Conform\u00e9ment \u00e0 la loi \u00e9lectorale, les bureaux de vote ont ouvert \u00e0 8h et ferm\u00e9 \u00e0 18h. Eric Essousse a not\u00e9 qu\u2019aucun incident majeur de nature \u00e0 troubler le d\u00e9roulement du scrutin n\u2019a \u00e9t\u00e9 signal\u00e9 dans tout le territoire. Le mat\u00e9riel \u00e9lectoral, a-t-il relev\u00e9, \u00e9tait complet dans toutes les commissions locales de vote charg\u00e9es de conduire le double scrutin. Le Mincom a aussi exprim\u00e9 son point de vue sur ces \u00e9lections. \u00ab La participation massive des \u00e9lecteurs et la bonne organisation de ces \u00e9lections avec le d\u00e9ploiement des partis politiques, sont un gage, s\u2019il en fallait encore un, pour illustrer la maturit\u00e9 de la d\u00e9mocratie camerounaise \u00bb,<\/p>\n<p>a d\u00e9clar\u00e9 Ren\u00e9 Emmanuel Sadi. A en croire le membre du gouvernement, \u00ab rien ne pourra occulter la r\u00e9alit\u00e9 des faits, et la sinc\u00e9rit\u00e9 des op\u00e9rations de vote qui, nous l\u2019affirmons haut et fort, se sont d\u00e9roul\u00e9es dans l\u2019ordre et la transparence sous les yeux de plus d\u2019une centaine d\u2019observateurs nationaux et internationaux \u00bb.<\/p>\n<div class=\"sharedaddy sd-sharing-enabled robots-nocontent sd-block sd-social sd-social-icon-text sd-sharing\">\n<h3 class=\"sd-title\">Partager\u00a0:<\/h3>\n<\/div>\n<p><h3 class=\"jp-relatedposts-headline\"><em>Articles similaires<\/em><\/h3>\n<\/p>\n<\/div>\n<div class=\"toggle-post-content clearfix\"><a id=\"toggle-post-button\" class=\"button\" href=\"#\">Afficher plus <\/a><\/div>\n<p>Auteur: Serges Bontsebe<br \/>\n<a href=\"https:\/\/ecomatin.net\/elecam-minat-et-mincom-satisfaits-du-deroulement-du-scrutin\/\">Cliquez ici pour lire l&rsquo;article depuis sa source.<\/a><\/p>\n","protected":false},"excerpt":{"rendered":"<p>Le gouvernement satisfait du d\u00e9roulement du vote Le ton est quasiment partag\u00e9. Elections Cameroon (Elecam), le ministre de l\u2019Administration territoire (Minat) et celui de la Communication (Mincom) ont livr\u00e9 leurs premiers bilans respectifs sur la tenue des L\u00e9gislatives et Municipales du 9 f\u00e9vrier 2020. Au soir de ces \u00e9lections, le Minat Paul Atanga Nji s\u2019est [&hellip;]<\/p>\n","protected":false},"author":1969,"featured_media":0,"comment_status":"closed","ping_status":"closed","sticky":false,"template":"","format":"standard","meta":{"fifu_image_url":"","fifu_image_alt":"","footnotes":""},"categories":[82,78],"tags":[],"class_list":["post-76225","post","type-post","status-publish","format-standard","hentry","category-cameroun","category-economie"],"_links":{"self":[{"href":"https:\/\/linitiative.ca\/International\/wp-json\/wp\/v2\/posts\/76225","targetHints":{"allow":["GET"]}}],"collection":[{"href":"https:\/\/linitiative.ca\/International\/wp-json\/wp\/v2\/posts"}],"about":[{"href":"https:\/\/linitiative.ca\/International\/wp-json\/wp\/v2\/types\/post"}],"author":[{"embeddable":true,"href":"https:\/\/linitiative.ca\/International\/wp-json\/wp\/v2\/users\/1969"}],"replies":[{"embeddable":true,"href":"https:\/\/linitiative.ca\/International\/wp-json\/wp\/v2\/comments?post=76225"}],"version-history":[{"count":0,"href":"https:\/\/linitiative.ca\/International\/wp-json\/wp\/v2\/posts\/76225\/revisions"}],"wp:attachment":[{"href":"https:\/\/linitiative.ca\/International\/wp-json\/wp\/v2\/media?parent=76225"}],"wp:term":[{"taxonomy":"category","embeddable":true,"href":"https:\/\/linitiative.ca\/International\/wp-json\/wp\/v2\/categories?post=76225"},{"taxonomy":"post_tag","embeddable":true,"href":"https:\/\/linitiative.ca\/International\/wp-json\/wp\/v2\/tags?post=76225"}],"curies":[{"name":"wp","href":"https:\/\/api.w.org\/{rel}","templated":true}]}}