{"id":76226,"date":"2020-02-15T05:37:34","date_gmt":"2020-02-15T10:37:34","guid":{"rendered":"https:\/\/linitiative.ca\/International\/calme-et-respect-de-la-loi-selon-les-observateurs-electoraux\/"},"modified":"2020-02-15T05:37:34","modified_gmt":"2020-02-15T10:37:34","slug":"calme-et-respect-de-la-loi-selon-les-observateurs-electoraux","status":"publish","type":"post","link":"https:\/\/linitiative.ca\/International\/calme-et-respect-de-la-loi-selon-les-observateurs-electoraux\/","title":{"rendered":"Calme et respect de la loi, selon les observateurs \u00e9lectoraux"},"content":{"rendered":"<p>La mission de l\u2019Union africaine (UA), qui a couvert 6 des 10 r\u00e9gions du Cameroun pour un total de 176 bureaux de vote, dit avoir constat\u00e9 une \u00ab faible affluence \u00bb et \u00ab aucun engouement particulier \u00bb dans les diff\u00e9rentes localit\u00e9s couvertes. Le chef de cette mission de l\u2019UA, Seyni Oumarou, ancien Premier ministre du Niger, s\u2019est toutefois refus\u00e9 \u00e0 donner un chiffre pr\u00e9cis, disant que ce travail est d\u00e9volu \u00e0 Elections Cameroon (Elecam), l\u2019organe en charge du processus \u00e9lectoral. Pour les observateurs de Dynamique des citoyens, un organisme ind\u00e9pendant dirig\u00e9 par le syndicaliste Jean-Marc Bikoko, le taux d\u2019abstention des \u00e9lections l\u00e9gislatives et municipales se situerait autour de 70%.<\/p>\n<p>Un point de vue partag\u00e9 par d\u2019autres organisations internationales. \u00abCela peut s\u2019expliquer par le non retrait des cartes d\u2019\u00e9lecteurs, le manque d\u2019engouement \u00e0 participer \u00e0 ces \u00e9lections, la perte de confiance dans le processus et, surtout, au mot d\u2019ordre de boycott des acteurs de l\u2019opposition \u00bb, estime par exemple la branche locale de Transparency International, qui avait d\u00e9ploy\u00e9 pr\u00e8s de 200 volontaires dans les r\u00e9gions du Littoral, du Centre et du Sud-Ouest, malgr\u00e9 le fait qu\u2019elle n\u2019\u00e9tait accr\u00e9dit\u00e9e. La mission de l\u2019Organisation internationale de la Francophonie (OIF), quant \u00e0 elle, a visit\u00e9 plusieurs centres de vote dans la r\u00e9gion du Centre, principalement \u00e0 Yaound\u00e9 et Matomb (d\u00e9partement de Nyong-et-Kelle).<\/p>\n<p>Les mandataires de l\u2019OIF estiment que les \u00e9lections se sont d\u00e9roul\u00e9es dans un \u00ab climat apais\u00e9 et conform\u00e9ment \u00e0 la loi \u00bb. Dans son communiqu\u00e9 publi\u00e9 le 11 f\u00e9vrier, elle encourage \u00ab toutes les parties prenantes \u00e0 pr\u00e9server le m\u00eame climat d\u2019apaisement lors des \u00e9tapes suivantes du processus \u00e9lectoral, en particulier dans le cadre du traitement des r\u00e9sultats issus des scrutins \u00bb. Pour sa part, la mission du Plan national pour la d\u00e9mocratie et la paix en Afrique (Pidpa) soutient que \u00ab la campagne \u00e9lectorale n\u2019a pas connu de probl\u00e8me majeur.<\/p>\n<p>Dans les r\u00e9gions anglophones, on a observ\u00e9 un l\u00e9ger mieux par rapport \u00e0 2018 (\u2026) Ce qui laisse pr\u00e9sager d\u2019un taux de participation plus \u00e9lev\u00e9 \u00bb.<\/p>\n<div class=\"sharedaddy sd-sharing-enabled robots-nocontent sd-block sd-social sd-social-icon-text sd-sharing\">\n<h3 class=\"sd-title\">Partager\u00a0:<\/h3>\n<\/div>\n<p><h3 class=\"jp-relatedposts-headline\"><em>Articles similaires<\/em><\/h3>\n<\/p>\n<p>Auteur: Serges Bontsebe<br \/>\n<a href=\"https:\/\/ecomatin.net\/calme-et-respect-de-la-loi-selon-les-observateurs-electoraux\/\">Cliquez ici pour lire l&rsquo;article depuis sa source.<\/a><\/p>\n","protected":false},"excerpt":{"rendered":"<p>La mission de l\u2019Union africaine (UA), qui a couvert 6 des 10 r\u00e9gions du Cameroun pour un total de 176 bureaux de vote, dit avoir constat\u00e9 une \u00ab faible affluence \u00bb et \u00ab aucun engouement particulier \u00bb dans les diff\u00e9rentes localit\u00e9s couvertes. Le chef de cette mission de l\u2019UA, Seyni Oumarou, ancien Premier ministre du [&hellip;]<\/p>\n","protected":false},"author":1969,"featured_media":0,"comment_status":"closed","ping_status":"closed","sticky":false,"template":"","format":"standard","meta":{"fifu_image_url":"","fifu_image_alt":"","footnotes":""},"categories":[82,78],"tags":[],"class_list":["post-76226","post","type-post","status-publish","format-standard","hentry","category-cameroun","category-economie"],"_links":{"self":[{"href":"https:\/\/linitiative.ca\/International\/wp-json\/wp\/v2\/posts\/76226","targetHints":{"allow":["GET"]}}],"collection":[{"href":"https:\/\/linitiative.ca\/International\/wp-json\/wp\/v2\/posts"}],"about":[{"href":"https:\/\/linitiative.ca\/International\/wp-json\/wp\/v2\/types\/post"}],"author":[{"embeddable":true,"href":"https:\/\/linitiative.ca\/International\/wp-json\/wp\/v2\/users\/1969"}],"replies":[{"embeddable":true,"href":"https:\/\/linitiative.ca\/International\/wp-json\/wp\/v2\/comments?post=76226"}],"version-history":[{"count":0,"href":"https:\/\/linitiative.ca\/International\/wp-json\/wp\/v2\/posts\/76226\/revisions"}],"wp:attachment":[{"href":"https:\/\/linitiative.ca\/International\/wp-json\/wp\/v2\/media?parent=76226"}],"wp:term":[{"taxonomy":"category","embeddable":true,"href":"https:\/\/linitiative.ca\/International\/wp-json\/wp\/v2\/categories?post=76226"},{"taxonomy":"post_tag","embeddable":true,"href":"https:\/\/linitiative.ca\/International\/wp-json\/wp\/v2\/tags?post=76226"}],"curies":[{"name":"wp","href":"https:\/\/api.w.org\/{rel}","templated":true}]}}