{"id":76228,"date":"2020-02-15T08:35:51","date_gmt":"2020-02-15T13:35:51","guid":{"rendered":"https:\/\/linitiative.ca\/International\/nyong-et-kelle-le-prefet-bloque-le-budget-dinvestissement-public\/"},"modified":"2020-02-15T08:35:51","modified_gmt":"2020-02-15T13:35:51","slug":"nyong-et-kelle-le-prefet-bloque-le-budget-dinvestissement-public","status":"publish","type":"post","link":"https:\/\/linitiative.ca\/International\/nyong-et-kelle-le-prefet-bloque-le-budget-dinvestissement-public\/","title":{"rendered":"Nyong et Kell\u00e9\u00a0: le Pr\u00e9fet bloque le Budget d\u2019investissement public"},"content":{"rendered":"<p>Dernier combat. Ce qui se passe dans le Nyong et Kell\u00e9 entre les chefs des ex\u00e9cutifs communaux sortants et le Pr\u00e9fet de ce d\u00e9partement de la r\u00e9gion du Centre, Peter Tieh Nde, s\u2019apparente, \u00e0 s\u2019y m\u00e9prendre, \u00e0 un dernier combat, notamment pour les premiers.<\/p>\n<p>Depuis le lancement de l\u2019ex\u00e9cution du budget d\u2019investissement public (BIP) 2020, ils ont entrepris, en \u00e9diles consciencieux, de lancer ou d\u2019acc\u00e9l\u00e9rer la mise en \u0153uvre de certains projets d\u2019investissement financ\u00e9s gr\u00e2ce aux Cr\u00e9dits d\u2019investissement public transf\u00e9r\u00e9s par les administrations centrales aux collectivit\u00e9s territoriales d\u00e9centralis\u00e9es. Le probl\u00e8me c\u2019est que beaucoup d\u2019entre eux, la \u00abquasi-totalit\u00e9\u00bb assure le Pr\u00e9fet, ne se sont pas repr\u00e9sent\u00e9s, et devraient donc, dans les prochaines heures, passer le t\u00e9moin aux chefs des ex\u00e9cutifs communaux qui seront \u00e9lus au terme du processus \u00e9lectoral actuel.<\/p>\n<p>Le projet de ces maires sortants, dont les motivations peuvent surprendre pour dire le moins, \u00e9tait de profiter de leurs derniers jours de magist\u00e8re, pour passer le maximum de commandes possible sur le BIP 2020, et m\u00eame, selon le Pr\u00e9fet, sur les BIP non ex\u00e9cut\u00e9s de 2018 et 2019.<\/p>\n<p><strong>Risques et p\u00e9rils<\/strong><\/p>\n<p>Inform\u00e9 de ces projets, Peter Tieh Nde assure avoir simplement instruit que \u00abtous les cr\u00e9dits d\u2019investissement publics 2020 transf\u00e9r\u00e9s aux Communes soient retenus au niveau du Contr\u00f4le d\u00e9partemental des Finances du Nyong et Kell\u00e9\u00bb.<\/p>\n<p>Sauf que, selon un communiqu\u00e9 sign\u00e9 par le Pr\u00e9fet le 14 f\u00e9vrier 2020, ces maires sortants \u00abont tent\u00e9 et tentent encore de passer les march\u00e9s sur le Budget d\u2019investissement 2020 (\u2026) en violation aussi bien des proc\u00e9dures de passation des march\u00e9s publics que de l\u2019instruction du 02 d\u00e9cembre 2019 du ministre de la D\u00e9centralisation et du D\u00e9veloppement local\u00bb.<\/p>\n<p>\u00abcompte tenu de ce qui pr\u00e9c\u00e8de, je tiens \u00e0 porter \u00e0 l\u2019attention des ex\u00e9cutifs communaux \u00e0 venir, aux entrepreneurs et au public en g\u00e9n\u00e9ral, qu\u2019aucun maire n\u2019est entr\u00e9 en possession des Cr\u00e9dits d\u2019investissement publics pour le BIP 2020 et ne devrait donc pas passer les march\u00e9s y relatifs\u00bb, \u00e9crit Peter Tieh Nde.<\/p>\n<p>L\u2019autorit\u00e9 administrative attire aussi \u00abl\u2019attention particuli\u00e8re de ceux des entrepreneurs du secteur traitant l\u2019affaire des march\u00e9s publics 2020 avec les maires sortants, qu\u2019ils le font \u00e0 leurs risques et p\u00e9rils\u00bb.<\/p>\n<div class=\"sharedaddy sd-sharing-enabled robots-nocontent sd-block sd-social sd-social-icon-text sd-sharing\">\n<h3 class=\"sd-title\">Partager\u00a0:<\/h3>\n<\/div>\n<p><h3 class=\"jp-relatedposts-headline\"><em>Articles similaires<\/em><\/h3>\n<\/p>\n<p>Auteur: Serges Bontsebe<br \/>\n<a href=\"https:\/\/ecomatin.net\/nyong-et-kelle-le-prefet-bloque-le-budget-dinvestissement-public\/\">Cliquez ici pour lire l&rsquo;article depuis sa source.<\/a><\/p>\n","protected":false},"excerpt":{"rendered":"<p>Dernier combat. Ce qui se passe dans le Nyong et Kell\u00e9 entre les chefs des ex\u00e9cutifs communaux sortants et le Pr\u00e9fet de ce d\u00e9partement de la r\u00e9gion du Centre, Peter Tieh Nde, s\u2019apparente, \u00e0 s\u2019y m\u00e9prendre, \u00e0 un dernier combat, notamment pour les premiers. Depuis le lancement de l\u2019ex\u00e9cution du budget d\u2019investissement public (BIP) 2020, [&hellip;]<\/p>\n","protected":false},"author":1969,"featured_media":0,"comment_status":"closed","ping_status":"closed","sticky":false,"template":"","format":"standard","meta":{"fifu_image_url":"","fifu_image_alt":"","footnotes":""},"categories":[82,78],"tags":[],"class_list":["post-76228","post","type-post","status-publish","format-standard","hentry","category-cameroun","category-economie"],"_links":{"self":[{"href":"https:\/\/linitiative.ca\/International\/wp-json\/wp\/v2\/posts\/76228","targetHints":{"allow":["GET"]}}],"collection":[{"href":"https:\/\/linitiative.ca\/International\/wp-json\/wp\/v2\/posts"}],"about":[{"href":"https:\/\/linitiative.ca\/International\/wp-json\/wp\/v2\/types\/post"}],"author":[{"embeddable":true,"href":"https:\/\/linitiative.ca\/International\/wp-json\/wp\/v2\/users\/1969"}],"replies":[{"embeddable":true,"href":"https:\/\/linitiative.ca\/International\/wp-json\/wp\/v2\/comments?post=76228"}],"version-history":[{"count":0,"href":"https:\/\/linitiative.ca\/International\/wp-json\/wp\/v2\/posts\/76228\/revisions"}],"wp:attachment":[{"href":"https:\/\/linitiative.ca\/International\/wp-json\/wp\/v2\/media?parent=76228"}],"wp:term":[{"taxonomy":"category","embeddable":true,"href":"https:\/\/linitiative.ca\/International\/wp-json\/wp\/v2\/categories?post=76228"},{"taxonomy":"post_tag","embeddable":true,"href":"https:\/\/linitiative.ca\/International\/wp-json\/wp\/v2\/tags?post=76228"}],"curies":[{"name":"wp","href":"https:\/\/api.w.org\/{rel}","templated":true}]}}