{"id":76234,"date":"2020-02-16T06:17:39","date_gmt":"2020-02-16T11:17:39","guid":{"rendered":"https:\/\/linitiative.ca\/International\/de-rupture-en-echec\/"},"modified":"2020-02-16T06:17:39","modified_gmt":"2020-02-16T11:17:39","slug":"de-rupture-en-echec","status":"publish","type":"post","link":"https:\/\/linitiative.ca\/International\/de-rupture-en-echec\/","title":{"rendered":"De rupture en \u00e9chec"},"content":{"rendered":"<p class=\"has-text-color c2\"><strong>De strat\u00e9gie en strat\u00e9gie, de vision en plan et de plan en vision\u2026les politiques de d\u00e9veloppement sectorielles changent d\u2019appellation et promettent souvent la rupture avec le processus en cours apr\u00e8s avoir act\u00e9 son \u00e9chec \u00e0 mi-parcours.<\/strong><\/p>\n<p>Les performances du secteur agricole affichent\u00a0 clairement la faillite de la politique agricole au Maroc. L\u2019activit\u00e9 qui touche la moiti\u00e9 de la population marocaine reste encore tributaire des al\u00e9as climatiques. La contribution du secteur dans le PIB national est insignifiante et varie selon le taux de pluviom\u00e9trie enregistr\u00e9 chaque ann\u00e9e. Initialement, le Plan Maroc Vert (PMV) tablait sur des r\u00e9sultats beaucoup plus probants et en ad\u00e9quation avec les priorit\u00e9s du secteur.<\/p>\n<p>Le bilan fait \u00e9tat, apr\u00e8s plus de dix ans de sa mise en place, d\u2019un bilan d\u00e9cevant et en de\u00e7\u00e0 des objectifs assign\u00e9s au d\u00e9part. L\u2019innovation, la recherche agronomique, l\u2019utilisation des semences certifi\u00e9es et des produits phytosanitaires, l\u2019autosuffisance, la commercialisation, l\u2019encadrement, l\u2019assurance agricole, la tra\u00e7abilit\u00e9, les contr\u00f4les en amont et en aval et la transformation des produits agricoles\u00a0 r\u00e9v\u00e8lent l\u2019\u00e9chec du PLM qui a, semble-t-il, profit\u00e9 \u00e0 quelques fili\u00e8res au d\u00e9triment d\u2019autres plus d\u00e9terminantes pour le d\u00e9veloppement du monde rural et du secteur agricole en g\u00e9n\u00e9ral.<\/p>\n<p>D\u2019aucuns s\u2019interrogent aujourd\u2019hui sur le bilan de l\u2019artisan du Plan Maroc Vert. Le chef du d\u00e9partement de l\u2019agriculture qui vient de pr\u00e9senter la nouvelle strat\u00e9gie de d\u00e9veloppement du secteur agricole Baptis\u00e9e \u00abG\u00e9n\u00e9ration Green 2020-2030\u00bb avec l\u2019ambition cette fois-ci, \u00a0de faire \u00e9merger une nouvelle g\u00e9n\u00e9ration de classe moyenne agricole et de jeunes entrepreneurs et une nouvelle g\u00e9n\u00e9ration d\u2019organisation agricoles dites plus innovantes. Une ambition qui confirme l\u2019\u00e9chec de la dimension sociale du PMV. Peut-on r\u00e9ussir une nouvelle strat\u00e9gie avec le m\u00eame artisan ? Rien de moins s\u00fbr.<\/p>\n<p class=\"c3\"><strong>Fairouz El Mouden<\/strong><\/p>\n<p>Auteur: M&rsquo;hammed rahal<br \/>\n<a href=\"http:\/\/albayane.press.ma\/de-rupture-en-echec.html\">Cliquez ici pour lire l&rsquo;article depuis sa source.<\/a><\/p>\n","protected":false},"excerpt":{"rendered":"<p>De strat\u00e9gie en strat\u00e9gie, de vision en plan et de plan en vision\u2026les politiques de d\u00e9veloppement sectorielles changent d\u2019appellation et promettent souvent la rupture avec le processus en cours apr\u00e8s avoir act\u00e9 son \u00e9chec \u00e0 mi-parcours. Les performances du secteur agricole affichent\u00a0 clairement la faillite de la politique agricole au Maroc. L\u2019activit\u00e9 qui touche la [&hellip;]<\/p>\n","protected":false},"author":1760,"featured_media":0,"comment_status":"closed","ping_status":"closed","sticky":false,"template":"","format":"standard","meta":{"fifu_image_url":"","fifu_image_alt":"","footnotes":""},"categories":[73,54],"tags":[],"class_list":["post-76234","post","type-post","status-publish","format-standard","hentry","category-actualite","category-maroc"],"_links":{"self":[{"href":"https:\/\/linitiative.ca\/International\/wp-json\/wp\/v2\/posts\/76234","targetHints":{"allow":["GET"]}}],"collection":[{"href":"https:\/\/linitiative.ca\/International\/wp-json\/wp\/v2\/posts"}],"about":[{"href":"https:\/\/linitiative.ca\/International\/wp-json\/wp\/v2\/types\/post"}],"author":[{"embeddable":true,"href":"https:\/\/linitiative.ca\/International\/wp-json\/wp\/v2\/users\/1760"}],"replies":[{"embeddable":true,"href":"https:\/\/linitiative.ca\/International\/wp-json\/wp\/v2\/comments?post=76234"}],"version-history":[{"count":0,"href":"https:\/\/linitiative.ca\/International\/wp-json\/wp\/v2\/posts\/76234\/revisions"}],"wp:attachment":[{"href":"https:\/\/linitiative.ca\/International\/wp-json\/wp\/v2\/media?parent=76234"}],"wp:term":[{"taxonomy":"category","embeddable":true,"href":"https:\/\/linitiative.ca\/International\/wp-json\/wp\/v2\/categories?post=76234"},{"taxonomy":"post_tag","embeddable":true,"href":"https:\/\/linitiative.ca\/International\/wp-json\/wp\/v2\/tags?post=76234"}],"curies":[{"name":"wp","href":"https:\/\/api.w.org\/{rel}","templated":true}]}}