{"id":76236,"date":"2020-02-16T13:04:52","date_gmt":"2020-02-16T18:04:52","guid":{"rendered":"https:\/\/linitiative.ca\/International\/projection-en-avant-premiere-nationale-de-vent-divin-de-merzak-allouache\/"},"modified":"2020-02-16T13:04:52","modified_gmt":"2020-02-16T18:04:52","slug":"projection-en-avant-premiere-nationale-de-vent-divin-de-merzak-allouache","status":"publish","type":"post","link":"https:\/\/linitiative.ca\/International\/projection-en-avant-premiere-nationale-de-vent-divin-de-merzak-allouache\/","title":{"rendered":"Projection en avant premi\u00e8re nationale de \u00ab\u00a0vent divin\u00a0\u00bb de Merzak Allouache"},"content":{"rendered":"<div readability=\"36\">\n<p><strong>TIZI-OUZOU- Le dernier film long m\u00e9trage du r\u00e9alisateur Merzak Allouache \u00ab\u00a0vent divin\u00a0\u00bb, a \u00e9t\u00e9 projet\u00e9 samedi en avant premi\u00e8re nationale \u00e0 la cin\u00e9math\u00e8que de Tizi-Ouzou, en pr\u00e9sence du r\u00e9alisateur.<\/strong><\/p>\n<\/div>\n<div readability=\"69.5\">\n<p>L&rsquo;oeuvre d&rsquo;une heure et 36 mn, en noir et blanc, diss\u00e8que la trag\u00e9die du terrorisme, v\u00e9cue par l&rsquo;Alg\u00e9rie dans les ann\u00e9es 1990, \u00e0 travers le destin tragique de deux jeunes, Amine et Nour, obnubil\u00e9s par le radicalisme religieux et destin\u00e9s au sacrifice.<\/p>\n<blockquote readability=\"11\">\n<p><em><strong>Amine, incarn\u00e9 par Oughlis Mohand, personnage \u00ab\u00a0effac\u00e9\u00a0\u00bb parvient gr\u00e2ce \u00e0 son attachement \u00e0 la vie et son refus de mourir \u00e0\u00a0 tenir t\u00eate \u00e0 Nour, camp\u00e9e par Sarah Laysac (franco-alg\u00e9rienne) qui \u00e9tait elle \u00ab\u00a0une machine de guerre\u00a0\u00bb. Un clin d&rsquo;\u0153il au radicalisme qui touche aussi la gente f\u00e9minine.<\/strong><\/em><\/p>\n<\/blockquote>\n<p>Lors du d\u00e9bat ayant suivi la projection, Allouache qui a avou\u00e9 \u00eatre rest\u00e9 sur sa faim en n&rsquo;ayant pas pu tourner certaines s\u00e9quences, a indiqu\u00e9 avoir voulu revenir \u00e0 travers ce film sur \u00a0\u00bb le spleen de la jeunesse qui veut se battre mais pas mourir\u00a0\u00bb. S&rsquo;agissant du choix noir et blanc, il a affirm\u00e9 que \u00a0\u00bb c&rsquo;est un choix personnel pour \u00e9viter de verser dans le folklore et l&rsquo;exotisme de la beaut\u00e9 du Sahara et d&rsquo;oublier ce que je voulais dire \u00e0 travers le film\u00a0\u00bb.<\/p>\n<blockquote readability=\"12\">\n<p><em><strong>Affirmant s&rsquo;inscrire dans \u00ab\u00a0un cin\u00e9ma de la simplicit\u00e9 qui va \u00e0 l&rsquo;essentiel pour d\u00e9crire la soci\u00e9t\u00e9 alg\u00e9rienne\u00a0\u00bb, le r\u00e9alisateur de Omar Guetlatou a d\u00e9plor\u00e9 par ailleurs, \u00ab\u00a0la r\u00e9alit\u00e9 du cin\u00e9ma national qui, malgr\u00e9, les moyens mis dans la production d&rsquo;un cin\u00e9ma d&rsquo;\u00e9v\u00e9nements manque de l&rsquo;essentiel : La disponibilit\u00e9 de salles pour la diffusion\u00a0\u00bb.<\/strong><\/em><\/p>\n<\/blockquote>\n<p>A ce propos, Salim Aggar, directeur du centre alg\u00e9rien de cin\u00e9matographie (CAC), pr\u00e9sent \u00e0 cette projection, a indiqu\u00e9 que son organisme organisera prochainement des cycles de projection des oeuvres de Allouache \u00e0 travers les 12 salles qu&rsquo;il chapeaute \u00e0 travers le pays.<\/p>\n<p>Cette projection en pr\u00e9sence de Allouache\u00a0 clos, justement, un cycle de projection du r\u00e9alisateur organis\u00e9 cette semaine au niveau de la cin\u00e9math\u00e8que locale.<\/p>\n<\/div>\n<p>Auteur:<br \/>\n<a href=\"http:\/\/www.aps.dz\/culture\/101688-tizi-ouzou-projection-en-avant-premiere-nationale-de-vent-divin-de-merzak-allouache\">Cliquez ici pour lire l&rsquo;article depuis sa source.<\/a><\/p>\n","protected":false},"excerpt":{"rendered":"<p>TIZI-OUZOU- Le dernier film long m\u00e9trage du r\u00e9alisateur Merzak Allouache \u00ab\u00a0vent divin\u00a0\u00bb, a \u00e9t\u00e9 projet\u00e9 samedi en avant premi\u00e8re nationale \u00e0 la cin\u00e9math\u00e8que de Tizi-Ouzou, en pr\u00e9sence du r\u00e9alisateur. L&rsquo;oeuvre d&rsquo;une heure et 36 mn, en noir et blanc, diss\u00e8que la trag\u00e9die du terrorisme, v\u00e9cue par l&rsquo;Alg\u00e9rie dans les ann\u00e9es 1990, \u00e0 travers le destin [&hellip;]<\/p>\n","protected":false},"author":1790,"featured_media":0,"comment_status":"closed","ping_status":"closed","sticky":false,"template":"","format":"standard","meta":{"fifu_image_url":"","fifu_image_alt":"","footnotes":""},"categories":[53,79],"tags":[],"class_list":["post-76236","post","type-post","status-publish","format-standard","hentry","category-algerie","category-culture"],"_links":{"self":[{"href":"https:\/\/linitiative.ca\/International\/wp-json\/wp\/v2\/posts\/76236","targetHints":{"allow":["GET"]}}],"collection":[{"href":"https:\/\/linitiative.ca\/International\/wp-json\/wp\/v2\/posts"}],"about":[{"href":"https:\/\/linitiative.ca\/International\/wp-json\/wp\/v2\/types\/post"}],"author":[{"embeddable":true,"href":"https:\/\/linitiative.ca\/International\/wp-json\/wp\/v2\/users\/1790"}],"replies":[{"embeddable":true,"href":"https:\/\/linitiative.ca\/International\/wp-json\/wp\/v2\/comments?post=76236"}],"version-history":[{"count":0,"href":"https:\/\/linitiative.ca\/International\/wp-json\/wp\/v2\/posts\/76236\/revisions"}],"wp:attachment":[{"href":"https:\/\/linitiative.ca\/International\/wp-json\/wp\/v2\/media?parent=76236"}],"wp:term":[{"taxonomy":"category","embeddable":true,"href":"https:\/\/linitiative.ca\/International\/wp-json\/wp\/v2\/categories?post=76236"},{"taxonomy":"post_tag","embeddable":true,"href":"https:\/\/linitiative.ca\/International\/wp-json\/wp\/v2\/tags?post=76236"}],"curies":[{"name":"wp","href":"https:\/\/api.w.org\/{rel}","templated":true}]}}