{"id":76237,"date":"2020-02-16T13:04:58","date_gmt":"2020-02-16T18:04:58","guid":{"rendered":"https:\/\/linitiative.ca\/International\/la-piece-tmenfla-du-theatre-doum-el-bouaghi-ouvre-le-festival-international-du-theatre-de-bejaia\/"},"modified":"2020-02-16T13:04:58","modified_gmt":"2020-02-16T18:04:58","slug":"la-piece-tmenfla-du-theatre-doum-el-bouaghi-ouvre-le-festival-international-du-theatre-de-bejaia","status":"publish","type":"post","link":"https:\/\/linitiative.ca\/International\/la-piece-tmenfla-du-theatre-doum-el-bouaghi-ouvre-le-festival-international-du-theatre-de-bejaia\/","title":{"rendered":"La pi\u00e8ce \u00ab\u00a0Tmenfla\u00a0\u00bb du theatre d&rsquo;Oum-el-Bouaghi ouvre le festival international du th\u00e9\u00e2tre de Bejaia"},"content":{"rendered":"<div>\n<div class=\"K2FeedIntroText\">\n<p><strong>BEJAIA &#8211; La pi\u00e8ce \u00abTimenfla\u00bb (Les nouaisons) du th\u00e9\u00e2tre r\u00e9gional d\u2019Oum-el-Bouaghi, \u00e0 ouvert, ce samedi soir au th\u00e9\u00e2tre \u00ab Abdelmalek Bouguermouh \u00bb la 10eme \u00e9dition du festival international du th\u00e9\u00e2tre de Bejaia. Un choix manifestement bien inspir\u00e9, puisque la repr\u00e9sentation a s\u00e9duit au-del\u00e0 de toute attente, malgr\u00e9 le handicap de la langue, la pi\u00e8ce ayant \u00e9tait jou\u00e9 enti\u00e8rement en Chaoui.<\/strong><\/p>\n<\/div>\n<div class=\"K2FeedFullText\">\n<p>\u00abJe n\u2019ai rien compris au texte. Mais, j\u2019ai \u00e9t\u00e9 impressionn\u00e9 par le jeu et la performance des com\u00e9diens \u00bb, confiera \u00e0 l\u2019APS, une repr\u00e9sentante de la d\u00e9l\u00e9gation Fran\u00e7aise, visiblement \u00e9mue, et qui \u00e0 l\u2019instar du reste des repr\u00e9sentants S\u00e9n\u00e9galais voisins, ont fait montre d\u2019un enthousiasme a tout rompre en fin de spectacle. Quant au public Bejaoui, visiblement mieux loti en terme de compr\u00e9hension, mais sans tout appr\u00e9hender il s\u2019est litt\u00e9ralement fendu la rate, tant l\u2019\u0153uvre respirait la farce et le bon mot.<\/p>\n<p>R\u00e9cipiendaire, en 2018, du prix de la meilleure pi\u00e8ce au 8eme festival du th\u00e9\u00e2tre amazigh de Batna, la pi\u00e8ce \u00e9crite par Ali Tamer et mise en scene par Lahcene Chiba, est \u00e0 dans son emballage g\u00e9n\u00e9ral , une \u00e9mouvante trag\u00e9die.<\/p>\n<p>Sa trame et ses nouaisons s\u2019articulent sur les p\u00e9rip\u00e9ties d\u2019un jeune couple, habitant en raison campagne, et qui soudain par l\u2019effet magique du th\u00e9\u00e2tre devient le centre du monde. Des citoyens de tout bord, notamment durant la p\u00e9riode noir du terrorisme, y d\u00e9barque pour exposer leur propre drame de la vie et y chercher des r\u00e9ponses \u00e0 des questionnements d\u2019ordre existentiels.<\/p>\n<p>La temporalit\u00e9 avec la d\u00e9cennie noir , en fait, n\u2019est qu\u2019 rep\u00e8re de situation, dans une chronique qui croque, au demeurant, tous les ratages socio-politiques survenues sur la sc\u00e8ne nationale depuis l\u2019ind\u00e9pendance, expliquera un membre de la troupe , qui trouve que le fil tel qu\u2019il a \u00e9t\u00e9 dress\u00e9 est commun a tous les pays qui ont connu la nuit coloniale et qui ont du faire dans la douleur leur effort d\u2019affranchissement.<\/p>\n<p>Concr\u00e8tement la pi\u00e8ce est atemporel et sans g\u00e9ographie. Et pour cause :Il ne traite pas de faits r\u00e9els mais rend compte de l\u2019effort onirique et d\u2019imagination d\u2019un historien, \u00e0 l\u2019esprit trouble, incapable de cerner les mutations de la soci\u00e9t\u00e9 dans laquelle il vit, notamment ses influences, ses tyrannies, sa fragilit\u00e9 et ses d\u00e9lires.<\/p>\n<p>Il est proie aux doutes a chaque fois qu\u2019il tente de conceptualiser des rapports de forces et comprendre l\u2019alternance entre l\u2019attirance et la r\u00e9pulsion, les humiliations et les r\u00e9sistances, les d\u00e9lires et les r\u00e9signations achevant et abandonnant ses chroniques au milieu du gu\u00e9, si bien que dans l\u2019histoire, il n\u2019est d\u00e9cel\u00e9 aucun fil conducteur.<\/p>\n<p>Et par lassitude, embourb\u00e9 dans ses id\u00e9es noir et inachev\u00e9, il se donne la mort et laisse tomber le rideau sur ses personnages qui ne sont au bout du compte que le produit de son esprit foisonnant.<\/p>\n<p>Que remplie de cadavres \u00e0 cause des luttes pour le pouvoir qu\u2019elle aborde et des sentiments contraire qu\u2019elle cristallise dans toutes les strates sociales (familles amis et voisins), la pi\u00e8ce qui emprunte largement au th\u00e9\u00e2tre de l\u2019absurde la pi\u00e8ce est d\u00e9clin\u00e9 dans des effets loufoque et baroque absolument d\u00e9coiffant. Un Magnifique spectacle en somme soutenu par des com\u00e9diens en possession de tout leur art.<\/p>\n<\/div>\n<\/div>\n<p>Auteur:<br \/>\n<a href=\"http:\/\/www.aps.dz\/culture\/101689-la-piece-tmenfla-du-theatre-d-oum-el-bouaghi-ouvre-le-festival-international-du-theatre-de-bejaia\">Cliquez ici pour lire l&rsquo;article depuis sa source.<\/a><\/p>\n","protected":false},"excerpt":{"rendered":"<p>BEJAIA &#8211; La pi\u00e8ce \u00abTimenfla\u00bb (Les nouaisons) du th\u00e9\u00e2tre r\u00e9gional d\u2019Oum-el-Bouaghi, \u00e0 ouvert, ce samedi soir au th\u00e9\u00e2tre \u00ab Abdelmalek Bouguermouh \u00bb la 10eme \u00e9dition du festival international du th\u00e9\u00e2tre de Bejaia. Un choix manifestement bien inspir\u00e9, puisque la repr\u00e9sentation a s\u00e9duit au-del\u00e0 de toute attente, malgr\u00e9 le handicap de la langue, la pi\u00e8ce ayant [&hellip;]<\/p>\n","protected":false},"author":1790,"featured_media":0,"comment_status":"closed","ping_status":"closed","sticky":false,"template":"","format":"standard","meta":{"fifu_image_url":"","fifu_image_alt":"","footnotes":""},"categories":[53,79],"tags":[],"class_list":["post-76237","post","type-post","status-publish","format-standard","hentry","category-algerie","category-culture"],"_links":{"self":[{"href":"https:\/\/linitiative.ca\/International\/wp-json\/wp\/v2\/posts\/76237","targetHints":{"allow":["GET"]}}],"collection":[{"href":"https:\/\/linitiative.ca\/International\/wp-json\/wp\/v2\/posts"}],"about":[{"href":"https:\/\/linitiative.ca\/International\/wp-json\/wp\/v2\/types\/post"}],"author":[{"embeddable":true,"href":"https:\/\/linitiative.ca\/International\/wp-json\/wp\/v2\/users\/1790"}],"replies":[{"embeddable":true,"href":"https:\/\/linitiative.ca\/International\/wp-json\/wp\/v2\/comments?post=76237"}],"version-history":[{"count":0,"href":"https:\/\/linitiative.ca\/International\/wp-json\/wp\/v2\/posts\/76237\/revisions"}],"wp:attachment":[{"href":"https:\/\/linitiative.ca\/International\/wp-json\/wp\/v2\/media?parent=76237"}],"wp:term":[{"taxonomy":"category","embeddable":true,"href":"https:\/\/linitiative.ca\/International\/wp-json\/wp\/v2\/categories?post=76237"},{"taxonomy":"post_tag","embeddable":true,"href":"https:\/\/linitiative.ca\/International\/wp-json\/wp\/v2\/tags?post=76237"}],"curies":[{"name":"wp","href":"https:\/\/api.w.org\/{rel}","templated":true}]}}