{"id":76238,"date":"2020-02-16T10:00:00","date_gmt":"2020-02-16T15:00:00","guid":{"rendered":"https:\/\/linitiative.ca\/International\/tebboune-aucune-restriction-hormis-ce-qui-a-trait-a-lunite-et-a-lidentite-nationales\/"},"modified":"2020-02-16T10:00:00","modified_gmt":"2020-02-16T15:00:00","slug":"tebboune-aucune-restriction-hormis-ce-qui-a-trait-a-lunite-et-a-lidentite-nationales","status":"publish","type":"post","link":"https:\/\/linitiative.ca\/International\/tebboune-aucune-restriction-hormis-ce-qui-a-trait-a-lunite-et-a-lidentite-nationales\/","title":{"rendered":"Tebboune : \u00ab\u00a0Aucune restriction hormis ce qui a trait \u00e0 l&rsquo;unit\u00e9 et \u00e0 l&rsquo;identit\u00e9 nationales\u00a0\u00bb"},"content":{"rendered":"<div id=\"originalText\" readability=\"58\">\n<p>Le Pr\u00e9sident de la R\u00e9publique, Abdelmadjid\u00a0 Tebboune, a indiqu\u00e9, ce dimanche, \u00e0 Alger, \u00e0 l&rsquo;ouverture de la\u00a0 rencontre Gouvernement-walis,\u00a0 qu\u2019\u00abil n&rsquo;existe aucune restriction\u00bb\u00a0 dans le projet de r\u00e9vision de la constitution, \u00abhormis ce qui a trait \u00e0 l&rsquo;unit\u00e9 et \u00e0 l&rsquo;identit\u00e9 nationales\u00bb, rapporte l\u2019APS. \u00a0<\/p>\n<p>\u00abEn \u00e9coutant r\u00e9cemment un expos\u00e9 du pr\u00e9sident du Comit\u00e9 d&rsquo;experts charg\u00e9 de\u00a0 formuler des propositions pour une r\u00e9vision constitutionnelle, Ahmed\u00a0 Laraba, sur ce qui a \u00e9t\u00e9 concr\u00e9tis\u00e9 \u00e0 ce jour dans ce domaine, j&rsquo;ai insist\u00e9 sur le fait qu&rsquo;il n&rsquo;existe aucune restriction (en la mati\u00e8re)\u00a0 hormis ce qui a trait \u00e0 l&rsquo;unit\u00e9 nationale et \u00e0 l&rsquo;identit\u00e9 nationale\u00bb, a-t-il affirm\u00e9 dans son allocution d\u2019ouverture.<\/p>\n<p>Le Pr\u00e9sident Tebboune a \u00e9galement \u00e9voqu\u00e9, en plus de l\u2019actuel Conseil Constitutionnel, \u00a0\u00abla cr\u00e9ation \u00e9ventuelle d&rsquo;une Cour\u00a0 constitutionnelle ind\u00e9pendante qui se prononcera sur les litiges opposant\u00a0 les Pouvoirs\u00bb.<\/p>\n<p class=\"c6\"><strong>R\u00e9daction Web<\/strong><\/p>\n<\/div>\n<div id=\"text_core\" readability=\"58\">\n<p>Le Pr\u00e9sident de la R\u00e9publique, Abdelmadjid\u00a0 Tebboune, a indiqu\u00e9, ce dimanche, \u00e0 Alger, \u00e0 l&rsquo;ouverture de la\u00a0 rencontre Gouvernement-walis,\u00a0 qu\u2019\u00abil n&rsquo;existe aucune restriction\u00bb\u00a0 dans le projet de r\u00e9vision de la constitution, \u00abhormis ce qui a trait \u00e0 l&rsquo;unit\u00e9 et \u00e0 l&rsquo;identit\u00e9 nationales\u00bb, rapporte l\u2019APS. \u00a0<\/p>\n<p>\u00abEn \u00e9coutant r\u00e9cemment un expos\u00e9 du pr\u00e9sident du Comit\u00e9 d&rsquo;experts charg\u00e9 de\u00a0 formuler des propositions pour une r\u00e9vision constitutionnelle, Ahmed\u00a0 Laraba, sur ce qui a \u00e9t\u00e9 concr\u00e9tis\u00e9 \u00e0 ce jour dans ce domaine, j&rsquo;ai insist\u00e9 sur le fait qu&rsquo;il n&rsquo;existe aucune restriction (en la mati\u00e8re)\u00a0 hormis ce qui a trait \u00e0 l&rsquo;unit\u00e9 nationale et \u00e0 l&rsquo;identit\u00e9 nationale\u00bb, a-t-il affirm\u00e9 dans son allocution d\u2019ouverture.<\/p>\n<p>Le Pr\u00e9sident Tebboune a \u00e9galement \u00e9voqu\u00e9, en plus de l\u2019actuel Conseil Constitutionnel, \u00a0\u00abla cr\u00e9ation \u00e9ventuelle d&rsquo;une Cour\u00a0 constitutionnelle ind\u00e9pendante qui se prononcera sur les litiges opposant\u00a0 les Pouvoirs\u00bb.<\/p>\n<p class=\"c6\"><strong>R\u00e9daction Web<\/strong><\/p>\n<\/div>\n<p>Auteur:<br \/>\n<a href=\"https:\/\/www.liberte-algerie.com\/actualite\/tebboune-aucune-restriction-hormis-ce-qui-a-trait-a-lunite-et-a-lidentite-nationales-334004\">Cliquez ici pour lire l&rsquo;article depuis sa source.<\/a><\/p>\n","protected":false},"excerpt":{"rendered":"<p>Le Pr\u00e9sident de la R\u00e9publique, Abdelmadjid\u00a0 Tebboune, a indiqu\u00e9, ce dimanche, \u00e0 Alger, \u00e0 l&rsquo;ouverture de la\u00a0 rencontre Gouvernement-walis,\u00a0 qu\u2019\u00abil n&rsquo;existe aucune restriction\u00bb\u00a0 dans le projet de r\u00e9vision de la constitution, \u00abhormis ce qui a trait \u00e0 l&rsquo;unit\u00e9 et \u00e0 l&rsquo;identit\u00e9 nationales\u00bb, rapporte l\u2019APS. \u00a0 \u00abEn \u00e9coutant r\u00e9cemment un expos\u00e9 du pr\u00e9sident du Comit\u00e9 d&rsquo;experts [&hellip;]<\/p>\n","protected":false},"author":1742,"featured_media":0,"comment_status":"closed","ping_status":"closed","sticky":false,"template":"","format":"standard","meta":{"fifu_image_url":"","fifu_image_alt":"","footnotes":""},"categories":[73,53],"tags":[],"class_list":["post-76238","post","type-post","status-publish","format-standard","hentry","category-actualite","category-algerie"],"_links":{"self":[{"href":"https:\/\/linitiative.ca\/International\/wp-json\/wp\/v2\/posts\/76238","targetHints":{"allow":["GET"]}}],"collection":[{"href":"https:\/\/linitiative.ca\/International\/wp-json\/wp\/v2\/posts"}],"about":[{"href":"https:\/\/linitiative.ca\/International\/wp-json\/wp\/v2\/types\/post"}],"author":[{"embeddable":true,"href":"https:\/\/linitiative.ca\/International\/wp-json\/wp\/v2\/users\/1742"}],"replies":[{"embeddable":true,"href":"https:\/\/linitiative.ca\/International\/wp-json\/wp\/v2\/comments?post=76238"}],"version-history":[{"count":0,"href":"https:\/\/linitiative.ca\/International\/wp-json\/wp\/v2\/posts\/76238\/revisions"}],"wp:attachment":[{"href":"https:\/\/linitiative.ca\/International\/wp-json\/wp\/v2\/media?parent=76238"}],"wp:term":[{"taxonomy":"category","embeddable":true,"href":"https:\/\/linitiative.ca\/International\/wp-json\/wp\/v2\/categories?post=76238"},{"taxonomy":"post_tag","embeddable":true,"href":"https:\/\/linitiative.ca\/International\/wp-json\/wp\/v2\/tags?post=76238"}],"curies":[{"name":"wp","href":"https:\/\/api.w.org\/{rel}","templated":true}]}}