{"id":76239,"date":"2020-02-16T11:12:00","date_gmt":"2020-02-16T16:12:00","guid":{"rendered":"https:\/\/linitiative.ca\/International\/kherrata-une-convergence-et-des-messages\/"},"modified":"2020-02-16T11:12:00","modified_gmt":"2020-02-16T16:12:00","slug":"kherrata-une-convergence-et-des-messages","status":"publish","type":"post","link":"https:\/\/linitiative.ca\/International\/kherrata-une-convergence-et-des-messages\/","title":{"rendered":"Kherrata, une convergence et des messages"},"content":{"rendered":"<div id=\"originalText\" readability=\"93\">\n<p class=\"c6\">Les alg\u00e9riens ont c\u00e9l\u00e9br\u00e9 avec faste le premier anniversaire du mouvement populaire \u00e0 Kherrata, \u00e0 une soixantaine de Km au sud-ouest de Bejaia, o\u00f9 la grande contestation contre le cinqui\u00e8me mandat a commenc\u00e9 il y a une ann\u00e9e, le 16 f\u00e9vrier 2019.<\/p>\n<p class=\"c6\">Depuis quelques jours d\u00e9j\u00e0, notamment \u00e0 la veille de la comm\u00e9moration, des centaines de personnes, en provenance de plusieurs r\u00e9gions du pays, affluent vers cette ville symbolique de la r\u00e9volution. Des espaces ont \u00e9t\u00e9 am\u00e9nag\u00e9s pour le stationnement des v\u00e9hicules, alors que les habitants de la r\u00e9gion \u00e9taient \u00e0 l\u2019accueil des visiteurs.<\/p>\n<p class=\"c6\">Ce matin, la marche\u00a0 a d\u00e9but\u00e9 plus t\u00f4t que pr\u00e9vu, \u00e9tant donn\u00e9 que les premiers manifestants ont pass\u00e9 une nuit blanche \u00e0\u00a0 entonner des chants du Hirak.<\/p>\n<p><iframe loading=\"lazy\" allowfullscreen=\"true\" allowtransparency=\"true\" frameborder=\"0\" height=\"315\" scrolling=\"no\" src=\"https:\/\/www.facebook.com\/plugins\/video.php?href=https%3A%2F%2Fwww.facebook.com%2FJournaLiberteOfficiel%2Fvideos%2F217793149391049%2F&#038;show_text=0&#038;width=560\" class=\"c7\" width=\"560\">[embedded content]<\/iframe><\/p>\n<p class=\"c6\">Mais officiellement, la manifestation a commenc\u00e9 \u00e0 11h, juste apr\u00e8s l\u2019inauguration d\u2019une st\u00e8le comm\u00e9morative, plac\u00e9e \u00e0 l\u2019endroit qui a constitu\u00e9 le point de d\u00e9part de la marche historique du 16 f\u00e9vrier. Ce lieu est d\u00e9sormais baptis\u00e9 \u201cplace de la Libert\u00e9-16-F\u00e9vrier-2019\u201d.\u00a0 La rue, noire de monde, a vibr\u00e9 au chant de \u00ab la casa d\u2019El Mouradia \u00bb, l\u2019hymne du Hirak.<\/p>\n<p><iframe loading=\"lazy\" allow=\"accelerometer; autoplay; encrypted-media; gyroscope; picture-in-picture\" allowfullscreen=\"\" frameborder=\"0\" height=\"315\" src=\"https:\/\/www.youtube.com\/embed\/4Jixy5YYtsU\" width=\"560\">[embedded content]<\/iframe><\/p>\n<p class=\"c6\">Le chant de la capitale \u00ab\u00a0 hna wlad amirouche marche arri\u00e8re ma\u2019nwalouch \u00bb, \u00e9tait aussi pr\u00e9sent lors de cette imposante marche.<\/p>\n<p class=\"c6\">Plusieurs\u00a0 slogans et portraits, d\u00e9di\u00e9s \u00e0 Karim Tabou, ont fus\u00e9 tout au long de l&rsquo;itin\u00e9raire de la marche.<\/p>\n<p class=\"c6\"><img decoding=\"async\" alt=\"\" src=\"\/data\/upload\/tabou.jpg\" class=\"c8\"\/><\/p>\n<p class=\"c6\">Les habitants ont tenu \u00e0 remercier les manifestants, venus des autres r\u00e9gions, \u00ab ya les invit\u00e9s bravo alikoum, Kherrata teftakher bikoum( bravo aux invit\u00e9s, Kherrata et fi\u00e8re de vous) \u00bb ont-ils scand\u00e9.<\/p>\n<p class=\"c6\">La marche d\u2019aujourd\u2019hui se distingue, selon plusieurs t\u00e9moignages et avis, par son organisation, son ampleur et surtout par la clart\u00e9 de ses mots d\u2019ordre, coltinant principalement l\u2019\u00abind\u00e9pendance \u00bb, \u00ab un \u00e9tat civil et non militaire\u00bb.<\/p>\n<p><iframe loading=\"lazy\" allowfullscreen=\"true\" allowtransparency=\"true\" frameborder=\"0\" height=\"271\" scrolling=\"no\" src=\"https:\/\/www.facebook.com\/plugins\/video.php?href=https%3A%2F%2Fwww.facebook.com%2FJournaLiberteOfficiel%2Fvideos%2F2626096051002350%2F&#038;show_text=0&#038;width=560\" class=\"c7\" width=\"560\">[embedded content]<\/iframe><\/p>\n<p class=\"c6\">A signaler enfin que plusieurs personnalit\u00e9s ont pris part \u00e0 cette manifestation dont le Moudjahid Lakhdar Bouregaa, Samir belaarbi et autres ex-d\u00e9tenus et acteurs du Hirak.<\/p>\n<p class=\"c9\"><strong>Kenza Sifi<\/strong><\/p>\n<\/div>\n<div id=\"text_core\" readability=\"93\">\n<p class=\"c6\">Les alg\u00e9riens ont c\u00e9l\u00e9br\u00e9 avec faste le premier anniversaire du mouvement populaire \u00e0 Kherrata, \u00e0 une soixantaine de Km au sud-ouest de Bejaia, o\u00f9 la grande contestation contre le cinqui\u00e8me mandat a commenc\u00e9 il y a une ann\u00e9e, le 16 f\u00e9vrier 2019.<\/p>\n<p class=\"c6\">Depuis quelques jours d\u00e9j\u00e0, notamment \u00e0 la veille de la comm\u00e9moration, des centaines de personnes, en provenance de plusieurs r\u00e9gions du pays, affluent vers cette ville symbolique de la r\u00e9volution. Des espaces ont \u00e9t\u00e9 am\u00e9nag\u00e9s pour le stationnement des v\u00e9hicules, alors que les habitants de la r\u00e9gion \u00e9taient \u00e0 l\u2019accueil des visiteurs.<\/p>\n<p class=\"c6\">Ce matin, la marche\u00a0 a d\u00e9but\u00e9 plus t\u00f4t que pr\u00e9vu, \u00e9tant donn\u00e9 que les premiers manifestants ont pass\u00e9 une nuit blanche \u00e0\u00a0 entonner des chants du Hirak.<\/p>\n<p><iframe loading=\"lazy\" allowfullscreen=\"true\" allowtransparency=\"true\" frameborder=\"0\" height=\"315\" scrolling=\"no\" src=\"https:\/\/www.facebook.com\/plugins\/video.php?href=https%3A%2F%2Fwww.facebook.com%2FJournaLiberteOfficiel%2Fvideos%2F217793149391049%2F&#038;show_text=0&#038;width=560\" class=\"c7\" width=\"560\">[embedded content]<\/iframe><\/p>\n<p class=\"c6\">Mais officiellement, la manifestation a commenc\u00e9 \u00e0 11h, juste apr\u00e8s l\u2019inauguration d\u2019une st\u00e8le comm\u00e9morative, plac\u00e9e \u00e0 l\u2019endroit qui a constitu\u00e9 le point de d\u00e9part de la marche historique du 16 f\u00e9vrier. Ce lieu est d\u00e9sormais baptis\u00e9 \u201cplace de la Libert\u00e9-16-F\u00e9vrier-2019\u201d.\u00a0 La rue, noire de monde, a vibr\u00e9 au chant de \u00ab la casa d\u2019El Mouradia \u00bb, l\u2019hymne du Hirak.<\/p>\n<p><iframe loading=\"lazy\" allow=\"accelerometer; autoplay; encrypted-media; gyroscope; picture-in-picture\" allowfullscreen=\"\" frameborder=\"0\" height=\"315\" src=\"https:\/\/www.youtube.com\/embed\/4Jixy5YYtsU\" width=\"560\">[embedded content]<\/iframe><\/p>\n<p class=\"c6\">Le chant de la capitale \u00ab\u00a0 hna wlad amirouche marche arri\u00e8re ma\u2019nwalouch \u00bb, \u00e9tait aussi pr\u00e9sent lors de cette imposante marche.<\/p>\n<p class=\"c6\">Plusieurs\u00a0 slogans et portraits, d\u00e9di\u00e9s \u00e0 Karim Tabou, ont fus\u00e9 tout au long de l&rsquo;itin\u00e9raire de la marche.<\/p>\n<p class=\"c6\"><img decoding=\"async\" alt=\"\" src=\"\/data\/upload\/tabou.jpg\" class=\"c8\"\/><\/p>\n<p class=\"c6\">Les habitants ont tenu \u00e0 remercier les manifestants, venus des autres r\u00e9gions, \u00ab ya les invit\u00e9s bravo alikoum, Kherrata teftakher bikoum( bravo aux invit\u00e9s, Kherrata et fi\u00e8re de vous) \u00bb ont-ils scand\u00e9.<\/p>\n<p class=\"c6\">La marche d\u2019aujourd\u2019hui se distingue, selon plusieurs t\u00e9moignages et avis, par son organisation, son ampleur et surtout par la clart\u00e9 de ses mots d\u2019ordre, coltinant principalement l\u2019\u00abind\u00e9pendance \u00bb, \u00ab un \u00e9tat civil et non militaire\u00bb.<\/p>\n<p><iframe loading=\"lazy\" allowfullscreen=\"true\" allowtransparency=\"true\" frameborder=\"0\" height=\"271\" scrolling=\"no\" src=\"https:\/\/www.facebook.com\/plugins\/video.php?href=https%3A%2F%2Fwww.facebook.com%2FJournaLiberteOfficiel%2Fvideos%2F2626096051002350%2F&#038;show_text=0&#038;width=560\" class=\"c7\" width=\"560\">[embedded content]<\/iframe><\/p>\n<p class=\"c6\">A signaler enfin que plusieurs personnalit\u00e9s ont pris part \u00e0 cette manifestation dont le Moudjahid Lakhdar Bouregaa, Samir belaarbi et autres ex-d\u00e9tenus et acteurs du Hirak.<\/p>\n<p class=\"c9\"><strong>Kenza Sifi<\/strong><\/p>\n<\/div>\n<p>Auteur:<br \/>\n<a href=\"https:\/\/www.liberte-algerie.com\/actualite\/kherrata-une-convergence-et-des-messages-334005\">Cliquez ici pour lire l&rsquo;article depuis sa source.<\/a><\/p>\n","protected":false},"excerpt":{"rendered":"<p>Les alg\u00e9riens ont c\u00e9l\u00e9br\u00e9 avec faste le premier anniversaire du mouvement populaire \u00e0 Kherrata, \u00e0 une soixantaine de Km au sud-ouest de Bejaia, o\u00f9 la grande contestation contre le cinqui\u00e8me mandat a commenc\u00e9 il y a une ann\u00e9e, le 16 f\u00e9vrier 2019. Depuis quelques jours d\u00e9j\u00e0, notamment \u00e0 la veille de la comm\u00e9moration, des centaines [&hellip;]<\/p>\n","protected":false},"author":1742,"featured_media":76240,"comment_status":"closed","ping_status":"closed","sticky":false,"template":"","format":"standard","meta":{"fifu_image_url":"","fifu_image_alt":"","footnotes":""},"categories":[73,53],"tags":[],"class_list":["post-76239","post","type-post","status-publish","format-standard","has-post-thumbnail","hentry","category-actualite","category-algerie"],"_links":{"self":[{"href":"https:\/\/linitiative.ca\/International\/wp-json\/wp\/v2\/posts\/76239","targetHints":{"allow":["GET"]}}],"collection":[{"href":"https:\/\/linitiative.ca\/International\/wp-json\/wp\/v2\/posts"}],"about":[{"href":"https:\/\/linitiative.ca\/International\/wp-json\/wp\/v2\/types\/post"}],"author":[{"embeddable":true,"href":"https:\/\/linitiative.ca\/International\/wp-json\/wp\/v2\/users\/1742"}],"replies":[{"embeddable":true,"href":"https:\/\/linitiative.ca\/International\/wp-json\/wp\/v2\/comments?post=76239"}],"version-history":[{"count":0,"href":"https:\/\/linitiative.ca\/International\/wp-json\/wp\/v2\/posts\/76239\/revisions"}],"wp:featuredmedia":[{"embeddable":true,"href":"https:\/\/linitiative.ca\/International\/wp-json\/"}],"wp:attachment":[{"href":"https:\/\/linitiative.ca\/International\/wp-json\/wp\/v2\/media?parent=76239"}],"wp:term":[{"taxonomy":"category","embeddable":true,"href":"https:\/\/linitiative.ca\/International\/wp-json\/wp\/v2\/categories?post=76239"},{"taxonomy":"post_tag","embeddable":true,"href":"https:\/\/linitiative.ca\/International\/wp-json\/wp\/v2\/tags?post=76239"}],"curies":[{"name":"wp","href":"https:\/\/api.w.org\/{rel}","templated":true}]}}