{"id":76242,"date":"2020-02-15T17:44:15","date_gmt":"2020-02-15T22:44:15","guid":{"rendered":"https:\/\/linitiative.ca\/International\/defaite-de-locs-face-a-littihad-djeddah\/"},"modified":"2020-02-15T17:44:15","modified_gmt":"2020-02-15T22:44:15","slug":"defaite-de-locs-face-a-littihad-djeddah","status":"publish","type":"post","link":"https:\/\/linitiative.ca\/International\/defaite-de-locs-face-a-littihad-djeddah\/","title":{"rendered":"D\u00e9faite de l\u2019OCS face \u00e0 l\u2019Ittihad Djeddah"},"content":{"rendered":"<div class=\"single-featured\"><img alt=\"\" data-src=\"http:\/\/www.mapmarrakech.ma\/map\/uploads\/2020\/02\/OCS-copier-1.jpg\"\/><\/div>\n<div class=\"single-post-excerpt post-excerpt-bc\" readability=\"35\">\n<p>Safi \u2013 L\u2019Olympic de Safi a quitt\u00e9 la Coupe arabe Mohammed VI des clubs champions apr\u00e8s sa d\u00e9faite en quart de finale face \u00e0 l\u2019Ittihad Djeddah (0-1), au terme d\u2019un match disput\u00e9 samedi au stade El Massira \u00e0 Safi.<\/p>\n<\/div>\n<div class=\"entry-content clearfix single-post-content\" readability=\"46\">\n<p>L\u2019unique but de la rencontre a \u00e9t\u00e9 l\u2019\u0153uvre du Br\u00e9silien Romarinho Ricardo da Silva qui offre aux siens le ticket de qualification en demi finale de la comp\u00e9tition arabe.<\/p>\n<p>Les Safiots, qui se sont content\u00e9s d\u2019un nul \u00e0 Djeddah (1-1), ont rat\u00e9 le coche lors de ce match retour sur leur pelouse. L\u2019efficacit\u00e9 devant le but a manqu\u00e9 aux hommes de Mohamed El Guisser qui se sont cr\u00e9\u00e9s plusieurs occasions sans parvenir \u00e0 \u00e9galiser.<\/p>\n<p>Il est \u00e0 rappeler que l\u2019autre repr\u00e9sentant du Maroc, le Raja de Casablanca, qui a valid\u00e9 son billet pour les demi-finales de la comp\u00e9tition aux d\u00e9pens du Mouloudia d\u2019Alger, croisera le fer demain avec l\u2019Ismaily d\u2019Egypte.<\/p>\n<\/div>\n<p>Auteur: Meriem IGASS<br \/>\n<a href=\"http:\/\/www.mapmarrakech.ma\/fr\/locs-quitte-la-competition-apres-sa-defaite-face-a-littihad-djeddah\/\">Cliquez ici pour lire l&rsquo;article depuis sa source.<\/a><\/p>\n","protected":false},"excerpt":{"rendered":"<p>Safi \u2013 L\u2019Olympic de Safi a quitt\u00e9 la Coupe arabe Mohammed VI des clubs champions apr\u00e8s sa d\u00e9faite en quart de finale face \u00e0 l\u2019Ittihad Djeddah (0-1), au terme d\u2019un match disput\u00e9 samedi au stade El Massira \u00e0 Safi. L\u2019unique but de la rencontre a \u00e9t\u00e9 l\u2019\u0153uvre du Br\u00e9silien Romarinho Ricardo da Silva qui offre [&hellip;]<\/p>\n","protected":false},"author":1788,"featured_media":76243,"comment_status":"closed","ping_status":"closed","sticky":false,"template":"","format":"standard","meta":{"fifu_image_url":"","fifu_image_alt":"","footnotes":""},"categories":[54,76],"tags":[],"class_list":["post-76242","post","type-post","status-publish","format-standard","has-post-thumbnail","hentry","category-maroc","category-regions"],"_links":{"self":[{"href":"https:\/\/linitiative.ca\/International\/wp-json\/wp\/v2\/posts\/76242","targetHints":{"allow":["GET"]}}],"collection":[{"href":"https:\/\/linitiative.ca\/International\/wp-json\/wp\/v2\/posts"}],"about":[{"href":"https:\/\/linitiative.ca\/International\/wp-json\/wp\/v2\/types\/post"}],"author":[{"embeddable":true,"href":"https:\/\/linitiative.ca\/International\/wp-json\/wp\/v2\/users\/1788"}],"replies":[{"embeddable":true,"href":"https:\/\/linitiative.ca\/International\/wp-json\/wp\/v2\/comments?post=76242"}],"version-history":[{"count":0,"href":"https:\/\/linitiative.ca\/International\/wp-json\/wp\/v2\/posts\/76242\/revisions"}],"wp:featuredmedia":[{"embeddable":true,"href":"https:\/\/linitiative.ca\/International\/wp-json\/"}],"wp:attachment":[{"href":"https:\/\/linitiative.ca\/International\/wp-json\/wp\/v2\/media?parent=76242"}],"wp:term":[{"taxonomy":"category","embeddable":true,"href":"https:\/\/linitiative.ca\/International\/wp-json\/wp\/v2\/categories?post=76242"},{"taxonomy":"post_tag","embeddable":true,"href":"https:\/\/linitiative.ca\/International\/wp-json\/wp\/v2\/tags?post=76242"}],"curies":[{"name":"wp","href":"https:\/\/api.w.org\/{rel}","templated":true}]}}