{"id":76244,"date":"2020-02-16T08:50:05","date_gmt":"2020-02-16T13:50:05","guid":{"rendered":"https:\/\/linitiative.ca\/International\/exposition-des-oeuvres-artistiques-des-personnes-addictives\/"},"modified":"2020-02-16T08:50:05","modified_gmt":"2020-02-16T13:50:05","slug":"exposition-des-oeuvres-artistiques-des-personnes-addictives","status":"publish","type":"post","link":"https:\/\/linitiative.ca\/International\/exposition-des-oeuvres-artistiques-des-personnes-addictives\/","title":{"rendered":"Exposition des \u0153uvres artistiques des personnes addictives"},"content":{"rendered":"<div readability=\"38\">\n<p>Marrakech \u2013 Le vernissage d\u2019une exposition mettant la lumi\u00e8re sur les cr\u00e9ations et \u0153uvres artistiques, r\u00e9alis\u00e9es par des b\u00e9n\u00e9ficiaires des actions fournies par le Centre d\u2019Addictologie au quartier El Mellah \u00e0 Marrakech, a eu lieu samedi soir au Palais El Badii, en pr\u00e9sence d\u2019un parterre de responsables et de personnalit\u00e9s de divers horizons.<\/p>\n<\/div>\n<div readability=\"175\">\n<p>Initi\u00e9e dans le cadre des activit\u00e9s de la premi\u00e8re \u00e9dition du festival \u00ab\u00a0Stop Drogue\u00a0\u00bb, organis\u00e9e du 5 au 29 f\u00e9vrier, par le p\u00f4le d\u2019accompagnement social relevant dudit Centre et l\u2019Association r\u00e9gionale \u00ab\u00a0Baraka Idman\u00a0\u00bb, cette exposition, dont la c\u00e9r\u00e9monie de vernissage a \u00e9t\u00e9 rehauss\u00e9e par la pr\u00e9sence notamment du wali de la r\u00e9gion de Marrakech-Safi, gouverneur de la pr\u00e9fecture de Marrakech, Karim Kassi-Lahlou, se veut une belle initiative sociale et humaine visant \u00e0 faire d\u00e9couvrir au public et \u00e0 partager avec lui la cr\u00e9ativit\u00e9 artistique des b\u00e9n\u00e9ficiaires de cet \u00e9tablissement inaugur\u00e9 par SM le Roi Mohammed VI en f\u00e9vrier 2019.<\/p>\n<p>Cette exposition artistique, qui rev\u00eat un caract\u00e8re particulier eu \u00e9gard \u00e0 ses divers aspects aussi bien social qu\u2019humain et culturel, offre ainsi un v\u00e9ritable espace d\u2019expression au profit de ces personnes addictives afin de faire \u00e9talage de leurs talents, d\u2019exprimer, en particulier \u00e0 travers les arts plastiques, leurs souffrances et de lib\u00e9rer, par la m\u00eame, leur esprit de la douleur, tout en se r\u00e9conciliant avec eux-m\u00eames.<\/p>\n<p>Elle d\u00e9montre \u00e9galement combien l\u2019art peut jouer un r\u00f4le essentiel en permettant \u00e0 ces b\u00e9n\u00e9ficiaires de reprendre confiance en eux, de maintenir vive la flamme de l\u2019espoir et de tisser de nouvelles relations sociales \u00e0 m\u00eame de faciliter leur retour \u00e0 une vie normale, tout en faisant entendre leur voix \u00e0 travers leurs cr\u00e9ations artistiques.<\/p>\n<p>Dans une d\u00e9claration \u00e0 la MAP \u00e0 cette occasion, la pr\u00e9sidente de l\u2019Association r\u00e9gionale \u00ab\u00a0Baraka Idman\u00a0\u00bb, Hanane El Moulahi, a pr\u00e9cis\u00e9 que ce festival intervient \u00e0 l\u2019occasion du premier anniversaire de l\u2019inauguration de ce Centre d\u2019addictologie par SM le Roi Mohammed VI, relevant que le nombre des b\u00e9n\u00e9ficiaires de la prise en charge m\u00e9dicale et sociale, assur\u00e9e par le Centre depuis son ouverture jusqu\u2019\u00e0 d\u00e9cembre dernier, s\u2019\u00e9l\u00e8ve \u00e0 290 personnes addictives.<\/p>\n<p>Mme El Moulahi, \u00e9galement pr\u00e9sidente du p\u00f4le d\u2019accompagnement social au Centre d\u2019addictologie d\u2019El Mellah, a ajout\u00e9 que plus de 5.000 personnes, toutes cat\u00e9gories d\u2019\u00e2ge confondues, ont b\u00e9n\u00e9fici\u00e9 aussi de s\u00e9ances de sensibilisation, men\u00e9es chaque vendredi par une unit\u00e9 mobile au sein de la m\u00e9dina de Marrakech, et chaque mercredi dans les \u00e9tablissements scolaires.<\/p>\n<p>Mettant en avant le bilan positif de l\u2019action men\u00e9e par le Centre au cours de cette premi\u00e8re ann\u00e9e, elle a fait part de l\u2019engagement de son Association \u00e0 veiller \u00e0 p\u00e9renniser cette jeune manifestation afin de contribuer aux actions de lutte contre les conduites addictives et de pr\u00e9vention de la consommation de drogues, notamment dans les rangs des jeunes et des adolescents, tout en soulignant les efforts soutenus et la mobilisation constante du personnel de l\u2019Association et du Centre pour mener \u00e0 bien cette noble mission.<\/p>\n<p>Cette c\u00e9r\u00e9monie a \u00e9t\u00e9, en outre, agr\u00e9ment\u00e9e par des chants et des spectacles, interpr\u00e9t\u00e9s notamment par des b\u00e9n\u00e9ficiaires de ce Centre, et qui v\u00e9hiculaient des messages forts sur les souffrances des personnes addictives, notamment les jeunes et les enfants de la rue.<\/p>\n<p>Outre cette exposition, le programme de ce festival pr\u00e9voit des ateliers d\u00e9di\u00e9s \u00e0 la sensibilisation quant \u00e0 l\u2019importance de la protection de l\u2019environnement, des actions d\u2019embellissement du quartier El Mellah avec la participation des habitants et des s\u00e9ances de sensibilisation aux dangers que repr\u00e9sente l\u2019addiction \u00e0 l\u2019internet et aux r\u00e9seaux sociaux.<\/p>\n<p>Au menu figurent \u00e9galement une manifestation sportive f\u00e9minine sous le signe \u00ab\u00a0fille d\u2019aujourd\u2019hui, m\u00e8re de demain\u00a0\u00bb et des journ\u00e9es portes ouvertes pour la d\u00e9couverte de ce Centre d\u2019addictologie, de ses prestations et de ses actions en faveur des personnes addictives.<\/p>\n<p>Un s\u00e9minaire marquant la cl\u00f4ture de cette premi\u00e8re \u00e9dition du festival sera organis\u00e9, le 29 courant, autour du th\u00e8me \u00ab\u00a0Le r\u00f4le de l\u2019accompagnement social dans la r\u00e9duction du fl\u00e9au d\u2019addiction\u00a0\u00bb, avec la participation d\u2019experts, de sp\u00e9cialistes et d\u2019acteurs associatifs.<\/p>\n<p>Le Centre d\u2019addictologie du quartier d\u2019El Mellah, le deuxi\u00e8me du genre r\u00e9alis\u00e9 par la Fondation Mohammed V pour la Solidarit\u00e9 au niveau de la ville de Marrakech apr\u00e8s celui du quartier Gu\u00e9liz, constitue un outil privil\u00e9gi\u00e9 de soins, de sensibilisation, de diagnostic, de pr\u00e9vention et d\u2019accompagnement psycho-social.<\/p>\n<p>Il a \u00e9t\u00e9 construit dans le cadre du programme national de lutte contre les conduites addictives mis en \u0153uvre, depuis 2010, par la Fondation Mohammed V pour la Solidarit\u00e9, en partenariat avec les minist\u00e8res de la Sant\u00e9 et de l\u2019Int\u00e9rieur.<\/p>\n<p>Ce programme national vise \u00e0 pr\u00e9munir les jeunes contre l\u2019usage des substances psychoactives, \u00e0 am\u00e9liorer la qualit\u00e9 de la prise en charge des personnes addictives particuli\u00e8rement les consommateurs de drogue, l\u2019accessibilit\u00e9 aux structures de prise en charge, ainsi qu\u2019\u00e0 encourager l\u2019implication de la soci\u00e9t\u00e9 civile et des d\u00e9partements sociaux dans les probl\u00e9matiques de l\u2019addiction.<\/p>\n<p>A l\u2019instar de ceux r\u00e9alis\u00e9s par la Fondation dans diverses villes du Royaume, le Centre d\u2019addictologie d\u2019El Mellah d\u00e9veloppe des actions de sensibilisation et de pr\u00e9vention contre l\u2019usage des stup\u00e9fiants, assure la prise en charge individualis\u00e9e, m\u00e9dicale et sociale des personnes souffrant d\u2019un comportement addictif, et \u0153uvre en faveur d\u2019une implication effective des familles dans les actions de pr\u00e9vention.<\/p>\n<p>Il a aussi pour objectifs la r\u00e9insertion sociale des personnes concern\u00e9es, ainsi que l\u2019encadrement et la formation des associations dans le domaine de la r\u00e9duction des risques.<\/p>\n<p>D\u2019une superficie couverte de 460 m2, le Centre d\u2019addictologie du quartier El Mellah comprend un p\u00f4le communautaire (biblioth\u00e8que, m\u00e9diath\u00e8que, salle d\u2019informatique, salle de sport, salle polyvalente, bureau associatif), et un p\u00f4le m\u00e9dical comportant des salles de soins, de consultation en m\u00e9decine g\u00e9n\u00e9rale, de consultation en psychiatrie-psychologie, et de consultation en addictologie.<\/p>\n<\/div>\n<p>Auteur: Meriem IGASS<br \/>\n<a href=\"http:\/\/www.mapmarrakech.ma\/fr\/exposition-des-oeuvres-artistiques-des-personnes-addictives\/\">Cliquez ici pour lire l&rsquo;article depuis sa source.<\/a><\/p>\n","protected":false},"excerpt":{"rendered":"<p>Marrakech \u2013 Le vernissage d\u2019une exposition mettant la lumi\u00e8re sur les cr\u00e9ations et \u0153uvres artistiques, r\u00e9alis\u00e9es par des b\u00e9n\u00e9ficiaires des actions fournies par le Centre d\u2019Addictologie au quartier El Mellah \u00e0 Marrakech, a eu lieu samedi soir au Palais El Badii, en pr\u00e9sence d\u2019un parterre de responsables et de personnalit\u00e9s de divers horizons. Initi\u00e9e dans [&hellip;]<\/p>\n","protected":false},"author":1788,"featured_media":0,"comment_status":"closed","ping_status":"closed","sticky":false,"template":"","format":"standard","meta":{"fifu_image_url":"","fifu_image_alt":"","footnotes":""},"categories":[54,76],"tags":[],"class_list":["post-76244","post","type-post","status-publish","format-standard","hentry","category-maroc","category-regions"],"_links":{"self":[{"href":"https:\/\/linitiative.ca\/International\/wp-json\/wp\/v2\/posts\/76244","targetHints":{"allow":["GET"]}}],"collection":[{"href":"https:\/\/linitiative.ca\/International\/wp-json\/wp\/v2\/posts"}],"about":[{"href":"https:\/\/linitiative.ca\/International\/wp-json\/wp\/v2\/types\/post"}],"author":[{"embeddable":true,"href":"https:\/\/linitiative.ca\/International\/wp-json\/wp\/v2\/users\/1788"}],"replies":[{"embeddable":true,"href":"https:\/\/linitiative.ca\/International\/wp-json\/wp\/v2\/comments?post=76244"}],"version-history":[{"count":0,"href":"https:\/\/linitiative.ca\/International\/wp-json\/wp\/v2\/posts\/76244\/revisions"}],"wp:attachment":[{"href":"https:\/\/linitiative.ca\/International\/wp-json\/wp\/v2\/media?parent=76244"}],"wp:term":[{"taxonomy":"category","embeddable":true,"href":"https:\/\/linitiative.ca\/International\/wp-json\/wp\/v2\/categories?post=76244"},{"taxonomy":"post_tag","embeddable":true,"href":"https:\/\/linitiative.ca\/International\/wp-json\/wp\/v2\/tags?post=76244"}],"curies":[{"name":"wp","href":"https:\/\/api.w.org\/{rel}","templated":true}]}}