{"id":76247,"date":"2020-02-16T08:55:01","date_gmt":"2020-02-16T13:55:01","guid":{"rendered":"https:\/\/linitiative.ca\/International\/tamanrasset-valoriser-la-richesse-animale-pour-lexploitation-des-viandes-rouges\/"},"modified":"2020-02-16T08:55:01","modified_gmt":"2020-02-16T13:55:01","slug":"tamanrasset-valoriser-la-richesse-animale-pour-lexploitation-des-viandes-rouges","status":"publish","type":"post","link":"https:\/\/linitiative.ca\/International\/tamanrasset-valoriser-la-richesse-animale-pour-lexploitation-des-viandes-rouges\/","title":{"rendered":"Tamanrasset: valoriser la richesse animale pour l&rsquo;exploitation des viandes rouges"},"content":{"rendered":"<div readability=\"34\">\n<p><strong>TAMANRASET- Le pr\u00e9sident du Conseil r\u00e9gional interprofessionnel de la fili\u00e8re des viandes rouges (CRIVR) a appel\u00e9 dimanche \u00e0 Tamanrasset \u00e0 la valorisation de la richesse animale en r\u00e9gions frontali\u00e8res au Sud pour assurer une meilleure exploitation de la fili\u00e8re des viandes rouges.<\/strong><\/p>\n<\/div>\n<div readability=\"77.7432212581\">\n<p>M.M&rsquo;hamed Bouhedjar a affirm\u00e9, \u00e0 l&rsquo;APS, qu&rsquo;il est \u00ab\u00a0n\u00e9cessaire de revoir les conditions d&rsquo;exploitation de la richesse animale dans les r\u00e9gions frontali\u00e8res de l&rsquo;extr\u00eame sud du pays, \u00e0 travers l&rsquo;adoption de nouveaux m\u00e9canismes visant \u00e0 d\u00e9velopper le cheptel pour am\u00e9liorer l&rsquo;exploitation des viandes rouges\u00a0\u00bb.<\/p>\n<blockquote readability=\"10\">\n<p><strong><em>Ces r\u00e9gions frontali\u00e8res comptent un important cheptel, dont il appartient de revoir et de faciliter les modes de d\u00e9placement, notamment en termes de commercialisation et de recherche de nouvelles zones pastorales, a-t-il expliqu\u00e9.<\/em><\/strong><\/p>\n<\/blockquote>\n<p>M.Bouhedjar a signal\u00e9, \u00e0 ce titre, que les \u00e9leveurs de diff\u00e9rentes esp\u00e8ces de cheptel (ovin, camelin et bovin saharien), se sont vus interdire la commercialisation de leurs produits hors wilaya, appelant \u00e0 \u00ab\u00a0trouver des m\u00e9canismes pour lever ces contraintes et ouvrir des march\u00e9s pour leur commercialisation dans d&rsquo;autres r\u00e9gions du pays\u00a0\u00bb.<\/p>\n<hr\/>\n<h3>Lire aussi: <a href=\"http:\/\/www.aps.dz\/economie\/101376-viandes-rouges-et-elevage-une-approche-pilote-pour-developper-la-production-locale\" target=\"_blank\" rel=\"noopener noreferrer\">Viandes rouges et \u00e9levage: une approche pilote pour d\u00e9velopper la production locale<\/a><\/h3>\n<hr\/>\n<p>Ceci permettra, a-t-il estim\u00e9, de soutenir le d\u00e9veloppement de la richesse animale dans ces r\u00e9gions et de cr\u00e9er des opportunit\u00e9s d&rsquo;investissement dans les wilayas du Sud, avant de saluer la mesure li\u00e9e \u00e0 la r\u00e9alisation d&rsquo;abattoirs industriels dans le Sud du pays.<\/p>\n<p>Cr\u00e9\u00e9 en mars 2018, le Conseil r\u00e9gional interprofessionnel de la fili\u00e8re des viandes rouges, dont le si\u00e8ge est \u00e0 Tamanrasset, coiffe neuf wilayas du Sud, \u00e0 savoir Tamanrasset, Adrar, Illizi, Ouargla, Tindouf, B\u00e9char, Gharda\u00efa, Biskra et El-Oued.<\/p>\n<p>L&rsquo;instance s&rsquo;assigne comme objectifs l&rsquo;accompagnement des agriculteurs, des \u00e9leveurs et des producteurs de viandes des wilayas du Sud, le d\u00e9veloppement de la fili\u00e8re par la cr\u00e9ation d&rsquo;opportunit\u00e9s d&rsquo;investissement et de commercialisation de ses produits, ainsi que la formation des producteurs de viandes rouges.<\/p>\n<\/div>\n<p>Auteur:<br \/>\n<a href=\"http:\/\/www.aps.dz\/regions\/101699-tamanrasset-valoriser-la-richesse-animale-pour-une-meilleure-exploitation-des-viandes-rouges\">Cliquez ici pour lire l&rsquo;article depuis sa source.<\/a><\/p>\n","protected":false},"excerpt":{"rendered":"<p>TAMANRASET- Le pr\u00e9sident du Conseil r\u00e9gional interprofessionnel de la fili\u00e8re des viandes rouges (CRIVR) a appel\u00e9 dimanche \u00e0 Tamanrasset \u00e0 la valorisation de la richesse animale en r\u00e9gions frontali\u00e8res au Sud pour assurer une meilleure exploitation de la fili\u00e8re des viandes rouges. M.M&rsquo;hamed Bouhedjar a affirm\u00e9, \u00e0 l&rsquo;APS, qu&rsquo;il est \u00ab\u00a0n\u00e9cessaire de revoir les conditions [&hellip;]<\/p>\n","protected":false},"author":1790,"featured_media":0,"comment_status":"closed","ping_status":"closed","sticky":false,"template":"","format":"standard","meta":{"fifu_image_url":"","fifu_image_alt":"","footnotes":""},"categories":[53,76],"tags":[],"class_list":["post-76247","post","type-post","status-publish","format-standard","hentry","category-algerie","category-regions"],"_links":{"self":[{"href":"https:\/\/linitiative.ca\/International\/wp-json\/wp\/v2\/posts\/76247","targetHints":{"allow":["GET"]}}],"collection":[{"href":"https:\/\/linitiative.ca\/International\/wp-json\/wp\/v2\/posts"}],"about":[{"href":"https:\/\/linitiative.ca\/International\/wp-json\/wp\/v2\/types\/post"}],"author":[{"embeddable":true,"href":"https:\/\/linitiative.ca\/International\/wp-json\/wp\/v2\/users\/1790"}],"replies":[{"embeddable":true,"href":"https:\/\/linitiative.ca\/International\/wp-json\/wp\/v2\/comments?post=76247"}],"version-history":[{"count":0,"href":"https:\/\/linitiative.ca\/International\/wp-json\/wp\/v2\/posts\/76247\/revisions"}],"wp:attachment":[{"href":"https:\/\/linitiative.ca\/International\/wp-json\/wp\/v2\/media?parent=76247"}],"wp:term":[{"taxonomy":"category","embeddable":true,"href":"https:\/\/linitiative.ca\/International\/wp-json\/wp\/v2\/categories?post=76247"},{"taxonomy":"post_tag","embeddable":true,"href":"https:\/\/linitiative.ca\/International\/wp-json\/wp\/v2\/tags?post=76247"}],"curies":[{"name":"wp","href":"https:\/\/api.w.org\/{rel}","templated":true}]}}