{"id":76248,"date":"2020-02-16T09:38:49","date_gmt":"2020-02-16T14:38:49","guid":{"rendered":"https:\/\/linitiative.ca\/International\/ouargla-lancement-du-prix-du-meilleur-projet-de-creation-dactivite\/"},"modified":"2020-02-16T09:38:49","modified_gmt":"2020-02-16T14:38:49","slug":"ouargla-lancement-du-prix-du-meilleur-projet-de-creation-dactivite","status":"publish","type":"post","link":"https:\/\/linitiative.ca\/International\/ouargla-lancement-du-prix-du-meilleur-projet-de-creation-dactivite\/","title":{"rendered":"Ouargla: lancement du prix du meilleur projet de cr\u00e9ation d\u2019activit\u00e9"},"content":{"rendered":"<div readability=\"35\">\n<p><strong>OUARGLA- Un prix du meilleur projet de cr\u00e9ation d\u2019activit\u00e9 a \u00e9t\u00e9 lanc\u00e9 dimanche lors du colloque sur la promotion et l\u2019accompagnement de l\u2019entreprenariat innovant, qu&rsquo;a abrit\u00e9 l\u2019Universit\u00e9 Kasdi Merbah d\u2019Ouargla (UKMO).<\/strong><\/p>\n<\/div>\n<div readability=\"94.5062388592\">\n<p>Ce concours, qui entre dans le cadre du programme d\u2019Appui \u00e0 l\u2019Ad\u00e9quation-Formation-Emploi-Qualification (AFEQ), financ\u00e9 par l\u2019Union Europ\u00e9enne (UE), s\u2019adresse aux porteurs de projets innovants, notamment les \u00e9tudiants des trois cycles (Licence, Master et Doctorat) d\u00e9sireux de cr\u00e9er leurs propres entreprises dans diff\u00e9rents cr\u00e9neaux \u00e9conomiques, selon les organisateurs.<\/p>\n<blockquote readability=\"7\">\n<p><strong><em>Il a pour objectif d\u2019encourager les porteurs de projets innovants \u00e0 la cr\u00e9ation d\u2019activit\u00e9s pouvant g\u00e9n\u00e9rer de la valeur et contribuer \u00e0 la croissance \u00e9conomique, a-t-on soulign\u00e9.<\/em><\/strong><\/p>\n<\/blockquote>\n<p>AFEQ est un programme intersectoriel qui a d\u00e9marr\u00e9 le 7 novembre 2017 et s\u2019\u00e9talera jusqu\u2019au 15 juillet 2020, avec une possibilit\u00e9 d\u2019extension pour une dur\u00e9e de deux (2) ans, en vertu d\u2019une convention pr\u00e9vue entre le Gouvernement alg\u00e9rien et l\u2019UE, afin d\u2019assurer sa continuit\u00e9, a pr\u00e9cis\u00e9 le directeur national du programme AFEQ, Mourad Lemia.<\/p>\n<blockquote readability=\"7\">\n<p><em><strong>Cette d\u00e9marche permettra d\u2019avoir une meilleure visibilit\u00e9 dans la formation universitaire ou professionnelle visant \u00e0 r\u00e9pondre aux besoins du march\u00e9 du travail, a-t-il soulign\u00e9.<\/strong><\/em><\/p>\n<\/blockquote>\n<hr\/>\n<h3>Lire aussi:\u00a0<a href=\"http:\/\/www.aps.dz\/economie\/101360-economie-circulaire-le-secteur-prive-peut-contribuer-a-la-creation-de-pres-de-100-000-emplois\">Economie circulaire: le secteur priv\u00e9 peut contribuer \u00e0 la\u00a0<span class=\"highlight\">cr\u00e9ation<\/span>\u00a0de pr\u00e8s de 100.000 emplois<\/a><\/h3>\n<hr\/>\n<p>Pour sa part, l\u2019expert international en entrepreneuriat, Riadh Bouzaouche (Tunisie), a mis en avant dans son expos\u00e9 les axes principaux pour d\u00e9velopper l\u2019esprit d\u2019entreprise chez l\u2019\u00e9tudiant, au titre du programme AFEQ qui s\u2019articule autour de quatre volets, \u00e0 savoir p\u00e9dagogique (formation destin\u00e9e aux enseignants et \u00e9tudiants), administratif, la cr\u00e9ation d\u2019entreprise et la sensibilisation.<\/p>\n<p>M.Bouzaouch a insist\u00e9, \u00e0 cet \u00e9gard, sur le renforcement continu des capacit\u00e9s des structures d\u2019appui, la formation continue des enseignants en entreprenariat, la g\u00e9n\u00e9ralisation de l\u2019enseignement de l\u2019entreprenariat ainsi que l\u2019int\u00e9gration de la dimension entrepreneuriale dans le curriculum.<\/p>\n<p>Cette rencontre, \u00e0 laquelle ont pris part des enseignants-chercheurs, des \u00e9tudiants et des repr\u00e9sentants des acteurs concern\u00e9s, dont l\u2019Agence nationale de soutien \u00e0 l\u2019emploi des jeunes (ANSEJ), la direction locale de l\u2019industrie et des mines (DIM) et la Chambre du commerce et de l\u2019industrie, a \u00e9t\u00e9 aussi une opportunit\u00e9 pour pr\u00e9senter quelques exp\u00e9riences de cr\u00e9ations de projets innovants dans plusieurs domaines, tels l\u2019information et la communication, l\u2019informatique, les TIC, l\u2019industrie, le BTP et l\u2019artisanat.<\/p>\n<p>Elle vise \u00e0 d\u00e9velopper l\u2019entreprenariat innovant et technologique et \u00e0 renforcer les capacit\u00e9s responsables des dispositifs du programme AFEQ et des acteurs de la promotion de l\u2019entreprenariat au sein des universit\u00e9s pilotes, dont l\u2019UKMO (Ouargla), l\u2019USTHB (Alger), l\u2019USTO (Oran).<\/p>\n<\/div>\n<p>Auteur:<br \/>\n<a href=\"http:\/\/www.aps.dz\/regions\/101704-ouargla-lancement-du-prix-du-meilleur-projet-de-creation-d-activite\">Cliquez ici pour lire l&rsquo;article depuis sa source.<\/a><\/p>\n","protected":false},"excerpt":{"rendered":"<p>OUARGLA- Un prix du meilleur projet de cr\u00e9ation d\u2019activit\u00e9 a \u00e9t\u00e9 lanc\u00e9 dimanche lors du colloque sur la promotion et l\u2019accompagnement de l\u2019entreprenariat innovant, qu&rsquo;a abrit\u00e9 l\u2019Universit\u00e9 Kasdi Merbah d\u2019Ouargla (UKMO). Ce concours, qui entre dans le cadre du programme d\u2019Appui \u00e0 l\u2019Ad\u00e9quation-Formation-Emploi-Qualification (AFEQ), financ\u00e9 par l\u2019Union Europ\u00e9enne (UE), s\u2019adresse aux porteurs de projets innovants, [&hellip;]<\/p>\n","protected":false},"author":1790,"featured_media":0,"comment_status":"closed","ping_status":"closed","sticky":false,"template":"","format":"standard","meta":{"fifu_image_url":"","fifu_image_alt":"","footnotes":""},"categories":[53,76],"tags":[],"class_list":["post-76248","post","type-post","status-publish","format-standard","hentry","category-algerie","category-regions"],"_links":{"self":[{"href":"https:\/\/linitiative.ca\/International\/wp-json\/wp\/v2\/posts\/76248","targetHints":{"allow":["GET"]}}],"collection":[{"href":"https:\/\/linitiative.ca\/International\/wp-json\/wp\/v2\/posts"}],"about":[{"href":"https:\/\/linitiative.ca\/International\/wp-json\/wp\/v2\/types\/post"}],"author":[{"embeddable":true,"href":"https:\/\/linitiative.ca\/International\/wp-json\/wp\/v2\/users\/1790"}],"replies":[{"embeddable":true,"href":"https:\/\/linitiative.ca\/International\/wp-json\/wp\/v2\/comments?post=76248"}],"version-history":[{"count":0,"href":"https:\/\/linitiative.ca\/International\/wp-json\/wp\/v2\/posts\/76248\/revisions"}],"wp:attachment":[{"href":"https:\/\/linitiative.ca\/International\/wp-json\/wp\/v2\/media?parent=76248"}],"wp:term":[{"taxonomy":"category","embeddable":true,"href":"https:\/\/linitiative.ca\/International\/wp-json\/wp\/v2\/categories?post=76248"},{"taxonomy":"post_tag","embeddable":true,"href":"https:\/\/linitiative.ca\/International\/wp-json\/wp\/v2\/tags?post=76248"}],"curies":[{"name":"wp","href":"https:\/\/api.w.org\/{rel}","templated":true}]}}