{"id":76249,"date":"2020-02-16T10:35:15","date_gmt":"2020-02-16T15:35:15","guid":{"rendered":"https:\/\/linitiative.ca\/International\/tribunal-criminel-douargla-5-ans-de-prison-ferme-pour-apologie-du-terrorisme\/"},"modified":"2020-02-16T10:35:15","modified_gmt":"2020-02-16T15:35:15","slug":"tribunal-criminel-douargla-5-ans-de-prison-ferme-pour-apologie-du-terrorisme","status":"publish","type":"post","link":"https:\/\/linitiative.ca\/International\/tribunal-criminel-douargla-5-ans-de-prison-ferme-pour-apologie-du-terrorisme\/","title":{"rendered":"Tribunal criminel d\u2019Ouargla: 5 ans de prison ferme pour apologie du terrorisme"},"content":{"rendered":"<p><span class=\"sp-nh-title\">Rencontre gouvernement-walis: la lutte contre les infractions routi\u00e8res et la r\u00e9organisation des transports recommand\u00e9es<\/span> &#8211; <span class=\"sp-nh-date\">dimanche 16 f\u00e9vrier 2020 19:48<\/span><\/p>\n<p><span class=\"sp-nh-title\">Berraki: profondes r\u00e9formes pour l&rsquo;am\u00e9lioration de la gouvernance de l&rsquo;eau<\/span> &#8211; <span class=\"sp-nh-date\">dimanche 16 f\u00e9vrier 2020 19:44<\/span><\/p>\n<p><span class=\"sp-nh-title\">Le ministre de la Justice plaide pour l&rsquo;humanisation des conditions d&rsquo;incarc\u00e9ration<\/span> &#8211; <span class=\"sp-nh-date\">dimanche 16 f\u00e9vrier 2020 19:42<\/span><\/p>\n<p><span class=\"sp-nh-title\">L\u2019incident au niveau d&rsquo;un puits: la situation totalement maitris\u00e9e<\/span> &#8211; <span class=\"sp-nh-date\">dimanche 16 f\u00e9vrier 2020 19:32<\/span><\/p>\n<p><span class=\"sp-nh-title\">R\u00e9union gouvernement-walis: appel \u00e0 un mode de gouvernance en rupture avec les pratiques du pass\u00e9<\/span> &#8211; <span class=\"sp-nh-date\">dimanche 16 f\u00e9vrier 2020 19:26<\/span><\/p>\n<p><span class=\"sp-nh-title\">Projection d&rsquo;un documentaire sur le quotidien difficile de citoyens dans les collectivit\u00e9s<\/span> &#8211; <span class=\"sp-nh-date\">dimanche 16 f\u00e9vrier 2020 19:19<\/span><\/p>\n<p><span class=\"sp-nh-title\">Un d\u00e9veloppement agricole efficient pour r\u00e9duire le d\u00e9ficit de la balance commerciale des produits essentiels<\/span> &#8211; <span class=\"sp-nh-date\">dimanche 16 f\u00e9vrier 2020 19:15<\/span><\/p>\n<p><span class=\"sp-nh-title\">Une conf\u00e9rence internationale d\u00e9di\u00e9e aux start-up prochainement \u00e0 Alger<\/span> &#8211; <span class=\"sp-nh-date\">dimanche 16 f\u00e9vrier 2020 18:56<\/span><\/p>\n<p><span class=\"sp-nh-title\">Garantir un enseignement \u00e9quitable dans toutes les wilayas du pays<\/span> &#8211; <span class=\"sp-nh-date\">dimanche 16 f\u00e9vrier 2020 18:54<\/span><\/p>\n<p><span class=\"sp-nh-title\">Motion de soutien du Conseil de la Nation au plan d&rsquo;action du gouvernement<\/span> &#8211; <span class=\"sp-nh-date\">dimanche 16 f\u00e9vrier 2020 18:50<\/span><\/p>\n<p><span class=\"sp-nh-title\">Un Recensement g\u00e9n\u00e9ral de la population au 2e semestre de 2020<\/span> &#8211; <span class=\"sp-nh-date\">dimanche 16 f\u00e9vrier 2020 18:44<\/span><\/p>\n<p><span class=\"sp-nh-title\">Chiali: le nouvel a\u00e9roport d&rsquo;Oran inaugur\u00e9 en 2021<\/span> &#8211; <span class=\"sp-nh-date\">dimanche 16 f\u00e9vrier 2020 18:37<\/span><\/p>\n<p><span class=\"sp-nh-title\">Badminton\/Championnat d&rsquo;Afrique: m\u00e9daille d&rsquo;or pour les Alg\u00e9riens<\/span> &#8211; <span class=\"sp-nh-date\">dimanche 16 f\u00e9vrier 2020 18:31<\/span><\/p>\n<p><span class=\"sp-nh-title\">Plan d&rsquo;action du gouvernement: un processus global pour regagner la confiance du citoyen<\/span> &#8211; <span class=\"sp-nh-date\">dimanche 16 f\u00e9vrier 2020 18:20<\/span><\/p>\n<p><span class=\"sp-nh-title\">Escrime\/Coupe du monde juniors-par \u00e9quipes: l&rsquo;Alg\u00e9rie termine \u00e0 la 5e place<\/span> &#8211; <span class=\"sp-nh-date\">dimanche 16 f\u00e9vrier 2020 17:37<\/span><\/p>\n<p><span class=\"sp-nh-title\">Crise libyenne: la position de l&rsquo;Alg\u00e9rie privil\u00e9giant une solution politique r\u00e9it\u00e9r\u00e9e<\/span> &#8211; <span class=\"sp-nh-date\">dimanche 16 f\u00e9vrier 2020 17:36<\/span><\/p>\n<p><span class=\"sp-nh-title\">Montage automobile: le nouveau cahier des charges promulgu\u00e9 dans 2 mois<\/span> &#8211; <span class=\"sp-nh-date\">dimanche 16 f\u00e9vrier 2020 17:33<\/span><\/p>\n<p><span class=\"sp-nh-title\">Le Gouvernement examine de nouvelles mesures en faveur de la gestion d\u00e9centralis\u00e9e<\/span> &#8211; <span class=\"sp-nh-date\">dimanche 16 f\u00e9vrier 2020 17:24<\/span><\/p>\n<p><span class=\"sp-nh-title\">R\u00e9union du Comit\u00e9 de suivi de la Conf\u00e9rence de Berlin sur la Libye: Boukadoum \u00e0 Munich<\/span> &#8211; <span class=\"sp-nh-date\">dimanche 16 f\u00e9vrier 2020 17:22<\/span><\/p>\n<p><span class=\"sp-nh-title\">De nouveaux textes pour assainir et rationaliser la gestion du foncier industriel<\/span> &#8211; <span class=\"sp-nh-date\">dimanche 16 f\u00e9vrier 2020 17:16<\/span><\/p>\n<p>Auteur:<br \/>\n<a href=\"http:\/\/www.aps.dz\/regions\/101710-tribunal-criminel-d-ouargla-5-ans-de-prison-ferme-pour-apologie-du-terrorisme\">Cliquez ici pour lire l&rsquo;article depuis sa source.<\/a><\/p>\n","protected":false},"excerpt":{"rendered":"<p>Rencontre gouvernement-walis: la lutte contre les infractions routi\u00e8res et la r\u00e9organisation des transports recommand\u00e9es &#8211; dimanche 16 f\u00e9vrier 2020 19:48 Berraki: profondes r\u00e9formes pour l&rsquo;am\u00e9lioration de la gouvernance de l&rsquo;eau &#8211; dimanche 16 f\u00e9vrier 2020 19:44 Le ministre de la Justice plaide pour l&rsquo;humanisation des conditions d&rsquo;incarc\u00e9ration &#8211; dimanche 16 f\u00e9vrier 2020 19:42 L\u2019incident au [&hellip;]<\/p>\n","protected":false},"author":1790,"featured_media":0,"comment_status":"closed","ping_status":"closed","sticky":false,"template":"","format":"standard","meta":{"fifu_image_url":"","fifu_image_alt":"","footnotes":""},"categories":[53,76],"tags":[],"class_list":["post-76249","post","type-post","status-publish","format-standard","hentry","category-algerie","category-regions"],"_links":{"self":[{"href":"https:\/\/linitiative.ca\/International\/wp-json\/wp\/v2\/posts\/76249","targetHints":{"allow":["GET"]}}],"collection":[{"href":"https:\/\/linitiative.ca\/International\/wp-json\/wp\/v2\/posts"}],"about":[{"href":"https:\/\/linitiative.ca\/International\/wp-json\/wp\/v2\/types\/post"}],"author":[{"embeddable":true,"href":"https:\/\/linitiative.ca\/International\/wp-json\/wp\/v2\/users\/1790"}],"replies":[{"embeddable":true,"href":"https:\/\/linitiative.ca\/International\/wp-json\/wp\/v2\/comments?post=76249"}],"version-history":[{"count":0,"href":"https:\/\/linitiative.ca\/International\/wp-json\/wp\/v2\/posts\/76249\/revisions"}],"wp:attachment":[{"href":"https:\/\/linitiative.ca\/International\/wp-json\/wp\/v2\/media?parent=76249"}],"wp:term":[{"taxonomy":"category","embeddable":true,"href":"https:\/\/linitiative.ca\/International\/wp-json\/wp\/v2\/categories?post=76249"},{"taxonomy":"post_tag","embeddable":true,"href":"https:\/\/linitiative.ca\/International\/wp-json\/wp\/v2\/tags?post=76249"}],"curies":[{"name":"wp","href":"https:\/\/api.w.org\/{rel}","templated":true}]}}