{"id":76250,"date":"2020-02-16T12:37:16","date_gmt":"2020-02-16T17:37:16","guid":{"rendered":"https:\/\/linitiative.ca\/International\/chiali-le-nouvel-aeroport-doran-inaugure-en-2021\/"},"modified":"2020-02-16T12:37:16","modified_gmt":"2020-02-16T17:37:16","slug":"chiali-le-nouvel-aeroport-doran-inaugure-en-2021","status":"publish","type":"post","link":"https:\/\/linitiative.ca\/International\/chiali-le-nouvel-aeroport-doran-inaugure-en-2021\/","title":{"rendered":"Chiali: le nouvel a\u00e9roport d&rsquo;Oran inaugur\u00e9 en 2021"},"content":{"rendered":"<div>\n<div class=\"K2FeedImage\"><img decoding=\"async\" src=\"http:\/\/www.aps.dz\/media\/k2\/items\/cache\/d8430634d93e7d571f862b162ee25ce8_S.jpg\" alt=\"Chiali: le nouvel a\u00e9roport d'Oran inaugur\u00e9 en 2021\"><\/div>\n<div class=\"K2FeedIntroText\">\n<p><strong>ALGER &#8211; Le ministre des Travaux publics et des Transports, Farouk Chiali a indiqu\u00e9 dimanche \u00e0 Alger que le nouvel a\u00e9roport d&rsquo;Oran sera inaugur\u00e9 en 2021.<\/strong><\/p>\n<\/div>\n<div class=\"K2FeedFullText\">\n<p>Le nouvel a\u00e9roport d&rsquo;Oran sera r\u00e9ceptionn\u00e9 avant le coup d&rsquo;envoi des jeux m\u00e9diterran\u00e9ens (JM) qu&rsquo;accueillera la capitale de l&rsquo;Ouest en 2021, a pr\u00e9cis\u00e9 le ministre dans son allocution \u00e0 l&rsquo;ouverture de la rencontre Gouvernement-walis.<\/p>\n<p>Outre la r\u00e9ception de l&rsquo;A\u00e9roport d&rsquo;Oran, le plan d&rsquo;action du secteur des Travaux publics pr\u00e9voit le parach\u00e8vement de tous les projets ferroviaires inscrits, la finalisation des programmes de routes reliant le Nord et le Sud et la transformation de la route transsaharienne Alger-Lagos en une autoroute, a-t-il poursuivi.<\/p>\n<blockquote>\n<p><em><strong>Le projet de l&rsquo;autoroute Est-Ouest sera parachev\u00e9 et dot\u00e9 du syst\u00e8me de p\u00e9age, a ajout\u00e9 M. Chiali.<\/strong><\/em><\/p>\n<\/blockquote>\n<p>S&rsquo;agissant du secteur des Transports, l&rsquo;accent sera mis sur le lancement de syst\u00e8mes intelligents pour la gestion du trafic routier, le renforcement de la flotte nationale ,a\u00e9rienne et navale, en sus de la r\u00e9ouverture des a\u00e9roports non exploit\u00e9s, a avanc\u00e9 le premier responsable du secteur.<\/p>\n<hr>\n<h3>Lire aussi:\u00a0<a href=\"http:\/\/www.aps.dz\/regions\/95741-aerogare-de-l-aeroport-international-d-oran-respect-des-delais-d-achevement-des-travaux\" target=\"_blank\" rel=\"noopener noreferrer\">A\u00e9rogare de l\u2019a\u00e9roport international d\u2019Oran: respect des d\u00e9lais d\u2019ach\u00e8vement des travaux<\/a><\/h3>\n<hr>\n<blockquote>\n<p><em><strong>Le ministre a appel\u00e9 les walis \u00e0 accorder la priorit\u00e9 aux projets de d\u00e9senclavement et d&rsquo;am\u00e9lioration de l&rsquo;accessibilit\u00e9 des r\u00e9gions montagneuses, des Hauts-plateaux et du Sud, tout en veillant \u00e0 arr\u00eater les priorit\u00e9s selon des normes claires et pr\u00e9cises.<\/strong><\/em><\/p>\n<\/blockquote>\n<p>Il s&rsquo;agira aussi de s&rsquo;assurer du parach\u00e8vement des \u00e9tudes avant le lancement de tout projet et de veiller au contr\u00f4le strict de la qualit\u00e9 des travaux des routes, a-t-il encore recommand\u00e9 aux walis.<\/p>\n<p>Le Pr\u00e9sident de la R\u00e9publique, M. Abdelmadjid Tebboune a pr\u00e9sid\u00e9, dimanche, la s\u00e9ance d&rsquo;ouverture de la rencontre Gouvernement-Walis qui s&rsquo;\u00e9talera sur deux jours sous le signe \u00ab\u00a0Pour une Alg\u00e9rie nouvelle: d\u00e9veloppement humain, transition \u00e9nerg\u00e9tique et \u00e9conomie num\u00e9rique\u00a0\u00bb.<\/p>\n<p>Les participants aux travaux de la rencontre Gouvernement-walis d\u00e9battront de plusieurs th\u00e8mes portant notamment sur \u00ab\u00a0l&rsquo;am\u00e9lioration continue du cadre de vie citoyen \u00e0 travers une d\u00e9marche de planification des syst\u00e8mes de d\u00e9veloppement local\u00a0\u00bb, \u00ab\u00a0la gestion rationnelle du foncier \u00e9conomique\u00a0\u00bb, \u00ab\u00a0la mise en place d&rsquo;une gouvernance urbaine ax\u00e9e sur la gestion moderne des nouvelles villes\u00a0\u00bb, \u00ab\u00a0la gestion de la probl\u00e9matique routi\u00e8re dans le cadre d&rsquo;une strat\u00e9gie multisectorielle int\u00e9gr\u00e9e\u00a0\u00bb, et la \u00ab\u00a0digitalisation des services publics locaux\u00a0\u00bb.<\/p>\n<\/div>\n<\/div>\n<p>Auteur:<br \/>\n<a href=\"http:\/\/www.aps.dz\/regions\/101721-chiali-le-nouvel-aeroport-d-oran-inaugure-en-2021\">Cliquez ici pour lire l&rsquo;article depuis sa source.<\/a><\/p>\n","protected":false},"excerpt":{"rendered":"<p>ALGER &#8211; Le ministre des Travaux publics et des Transports, Farouk Chiali a indiqu\u00e9 dimanche \u00e0 Alger que le nouvel a\u00e9roport d&rsquo;Oran sera inaugur\u00e9 en 2021. Le nouvel a\u00e9roport d&rsquo;Oran sera r\u00e9ceptionn\u00e9 avant le coup d&rsquo;envoi des jeux m\u00e9diterran\u00e9ens (JM) qu&rsquo;accueillera la capitale de l&rsquo;Ouest en 2021, a pr\u00e9cis\u00e9 le ministre dans son allocution \u00e0 [&hellip;]<\/p>\n","protected":false},"author":1790,"featured_media":76251,"comment_status":"closed","ping_status":"closed","sticky":false,"template":"","format":"standard","meta":{"fifu_image_url":"","fifu_image_alt":"","footnotes":""},"categories":[53,76],"tags":[],"class_list":["post-76250","post","type-post","status-publish","format-standard","has-post-thumbnail","hentry","category-algerie","category-regions"],"_links":{"self":[{"href":"https:\/\/linitiative.ca\/International\/wp-json\/wp\/v2\/posts\/76250","targetHints":{"allow":["GET"]}}],"collection":[{"href":"https:\/\/linitiative.ca\/International\/wp-json\/wp\/v2\/posts"}],"about":[{"href":"https:\/\/linitiative.ca\/International\/wp-json\/wp\/v2\/types\/post"}],"author":[{"embeddable":true,"href":"https:\/\/linitiative.ca\/International\/wp-json\/wp\/v2\/users\/1790"}],"replies":[{"embeddable":true,"href":"https:\/\/linitiative.ca\/International\/wp-json\/wp\/v2\/comments?post=76250"}],"version-history":[{"count":0,"href":"https:\/\/linitiative.ca\/International\/wp-json\/wp\/v2\/posts\/76250\/revisions"}],"wp:featuredmedia":[{"embeddable":true,"href":"https:\/\/linitiative.ca\/International\/wp-json\/"}],"wp:attachment":[{"href":"https:\/\/linitiative.ca\/International\/wp-json\/wp\/v2\/media?parent=76250"}],"wp:term":[{"taxonomy":"category","embeddable":true,"href":"https:\/\/linitiative.ca\/International\/wp-json\/wp\/v2\/categories?post=76250"},{"taxonomy":"post_tag","embeddable":true,"href":"https:\/\/linitiative.ca\/International\/wp-json\/wp\/v2\/tags?post=76250"}],"curies":[{"name":"wp","href":"https:\/\/api.w.org\/{rel}","templated":true}]}}