{"id":76252,"date":"2020-02-15T17:34:51","date_gmt":"2020-02-15T22:34:51","guid":{"rendered":"https:\/\/linitiative.ca\/International\/botola-pro-le-wydad-rate-le-coche-berkane-se-contente-du-nul\/"},"modified":"2020-02-15T17:34:51","modified_gmt":"2020-02-15T22:34:51","slug":"botola-pro-le-wydad-rate-le-coche-berkane-se-contente-du-nul","status":"publish","type":"post","link":"https:\/\/linitiative.ca\/International\/botola-pro-le-wydad-rate-le-coche-berkane-se-contente-du-nul\/","title":{"rendered":"Botola Pro: Le Wydad rate le coche, Berkane se contente du nul"},"content":{"rendered":"<div class=\"single-featured\"><img alt=\"\" data-src=\"http:\/\/www.mapoujda.ma\/map\/uploads\/2020\/01\/la-RSB-face-au-WAC-2019-M750\u00d7430-MAP-1.jpg\"\/><\/div>\n<div class=\"entry-content clearfix single-post-content\" readability=\"60\">\n<p class=\"c5\">Le leader de Botola Pro D1, le Wydad de Casablanca, s\u2019est inclin\u00e9 \u00e0 domicile face au Difa\u00e2 d\u2019El Jadida (0-1) ratant l\u2019occasion de creuser l\u2019\u00e9cart avec son poursuivant, la Renaissance de Berkane qui s\u2019est content\u00e9e d\u2019un nul face au Hassania d\u2019Agadir (1-1) lors de la 16\u00e8 journ\u00e9e disput\u00e9e samedi.<\/p>\n<p class=\"c5\">Les hommes de S\u00e9bastien Desabre (33 points) ont rat\u00e9 le coche lors de cette journ\u00e9e, manquant l\u2019occasion de creuser l\u2019\u00e9cart avec la Renaissance de Berkane (2\u00e8, 31 pts) et le Mouloudia d\u2019Oujda (3\u00e8, 30 pts).<\/p>\n<p class=\"c5\">Ayant conc\u00e9d\u00e9 un but sign\u00e9 Simon Msuva, les Wydadis se sont inclin\u00e9s sur leur pelouse mais demeurent leaders du classement profitant du r\u00e9sultat du match nul de la Renaissance de Berkane, qui aurait pu en cas de victoire, rattraper le club casablancais.<\/p>\n<p class=\"c5\">Men\u00e9s au score suite au but du Gadiri, Karim El Berkaoui (44\u00e8), les hommes de Tarik Sektioui ont remis les pendules \u00e0 l\u2019heure par le biais d\u2019Alain Traore (75\u00e8) qui, sur un penalty, permet aux Berkanis de d\u00e9crocher un point.<\/p>\n<\/div>\n<p>Auteur: Soufiane ELAHMAR<br \/>\n<a href=\"http:\/\/www.mapoujda.ma\/fr\/botola-pro-le-wydad-rate-le-coche-berkane-se-contente-du-nul\/\">Cliquez ici pour lire l&rsquo;article depuis sa source.<\/a><\/p>\n","protected":false},"excerpt":{"rendered":"<p>Le leader de Botola Pro D1, le Wydad de Casablanca, s\u2019est inclin\u00e9 \u00e0 domicile face au Difa\u00e2 d\u2019El Jadida (0-1) ratant l\u2019occasion de creuser l\u2019\u00e9cart avec son poursuivant, la Renaissance de Berkane qui s\u2019est content\u00e9e d\u2019un nul face au Hassania d\u2019Agadir (1-1) lors de la 16\u00e8 journ\u00e9e disput\u00e9e samedi. Les hommes de S\u00e9bastien Desabre (33 [&hellip;]<\/p>\n","protected":false},"author":1788,"featured_media":76253,"comment_status":"closed","ping_status":"closed","sticky":false,"template":"","format":"standard","meta":{"fifu_image_url":"","fifu_image_alt":"","footnotes":""},"categories":[54,76],"tags":[],"class_list":["post-76252","post","type-post","status-publish","format-standard","has-post-thumbnail","hentry","category-maroc","category-regions"],"_links":{"self":[{"href":"https:\/\/linitiative.ca\/International\/wp-json\/wp\/v2\/posts\/76252","targetHints":{"allow":["GET"]}}],"collection":[{"href":"https:\/\/linitiative.ca\/International\/wp-json\/wp\/v2\/posts"}],"about":[{"href":"https:\/\/linitiative.ca\/International\/wp-json\/wp\/v2\/types\/post"}],"author":[{"embeddable":true,"href":"https:\/\/linitiative.ca\/International\/wp-json\/wp\/v2\/users\/1788"}],"replies":[{"embeddable":true,"href":"https:\/\/linitiative.ca\/International\/wp-json\/wp\/v2\/comments?post=76252"}],"version-history":[{"count":0,"href":"https:\/\/linitiative.ca\/International\/wp-json\/wp\/v2\/posts\/76252\/revisions"}],"wp:featuredmedia":[{"embeddable":true,"href":"https:\/\/linitiative.ca\/International\/wp-json\/"}],"wp:attachment":[{"href":"https:\/\/linitiative.ca\/International\/wp-json\/wp\/v2\/media?parent=76252"}],"wp:term":[{"taxonomy":"category","embeddable":true,"href":"https:\/\/linitiative.ca\/International\/wp-json\/wp\/v2\/categories?post=76252"},{"taxonomy":"post_tag","embeddable":true,"href":"https:\/\/linitiative.ca\/International\/wp-json\/wp\/v2\/tags?post=76252"}],"curies":[{"name":"wp","href":"https:\/\/api.w.org\/{rel}","templated":true}]}}