{"id":76261,"date":"2020-02-16T15:14:04","date_gmt":"2020-02-16T20:14:04","guid":{"rendered":"https:\/\/linitiative.ca\/International\/pros-fc-metz-oukidja-homme-du-match-face-au-fc-nantes\/"},"modified":"2020-02-16T15:14:04","modified_gmt":"2020-02-16T20:14:04","slug":"pros-fc-metz-oukidja-homme-du-match-face-au-fc-nantes","status":"publish","type":"post","link":"https:\/\/linitiative.ca\/International\/pros-fc-metz-oukidja-homme-du-match-face-au-fc-nantes\/","title":{"rendered":"Pros : FC Metz: Oukidja, homme du match face au FC Nantes"},"content":{"rendered":"<div readability=\"32\">\n<p>Auteur : <span>Riad O.<\/span> <span class=\"time\">dimanche 16 f\u00e9vrier 2020 19:34<\/span><\/p>\n<\/div>\n<div id=\"post_core\" readability=\"49\">\n<p>Le portier Alg\u00e9rien du FC Metz, Alexandre Oukidja continue de faire parler de lui en Ligue 1 Conforama. Apr\u00e8s avoir \u00e9t\u00e9 \u00e9lu joueur du mois au sein de son club, le keeper Alg\u00e9rien a, une nouvelle fois, tir\u00e9 son \u00e9pingle du jeu \u00e0 l\u2019occasion de la rencontre hier soir contre le FC Nantes. En effet, Oukidja a \u00e9t\u00e9 d\u00e9cisif lors de ce match en contribuant grandement au point du match nul r\u00e9colt\u00e9 par son \u00e9quipe au stade de la Beaujoire. Une prestation qui lui a permis d\u2019\u00eatre \u00e9lu homme de ce match par le quotidien sportif fran\u00e7ais, L\u2019Equipe\u00a0:\u00a0\u00abApr\u00e8s avoir r\u00e9alis\u00e9 les trois arr\u00eats \u00abfaciles\u00bb qui s\u2019imposaient (19e, 39e, 41e), le gardien international Alg\u00e9rien a surtout r\u00e9ussi une parade de classe face \u00e0 Simon (43e). En seconde p\u00e9riode, il s\u2019est encore bien oppos\u00e9\u00a0 \u00e0 des tentatives de Tour\u00e9 (70e), Blas (90e+2), et surtout Bamba (77e). Costaud et d\u00e9cisif.\u00bb lit-on sur L\u2019Equipe qui lui a donn\u00e9 la bonne note de 7\/10.<\/p>\n<p><strong>Publi\u00e9 dans :<\/strong> <span>FC Nantes<\/span> <span>Oukidja<\/span><\/p>\n<\/div>\n<p>Auteur:<br \/>\n<a href=\"http:\/\/www.lebuteur.com\/article\/detail?titre=fc-metz-oukidja-homme-du-match-face-au-fc-nantes&#038;id=94845&#038;utm_source=feedburner&#038;utm_medium=feed&#038;utm_campaign=Feed%3A+GalerieFArtciles+%28Les+derniers+articles++-+lebuteur.com%29\">Cliquez ici pour lire l&rsquo;article depuis sa source.<\/a><\/p>\n","protected":false},"excerpt":{"rendered":"<p>Auteur : Riad O. dimanche 16 f\u00e9vrier 2020 19:34 Le portier Alg\u00e9rien du FC Metz, Alexandre Oukidja continue de faire parler de lui en Ligue 1 Conforama. Apr\u00e8s avoir \u00e9t\u00e9 \u00e9lu joueur du mois au sein de son club, le keeper Alg\u00e9rien a, une nouvelle fois, tir\u00e9 son \u00e9pingle du jeu \u00e0 l\u2019occasion de la [&hellip;]<\/p>\n","protected":false},"author":1738,"featured_media":76262,"comment_status":"closed","ping_status":"closed","sticky":false,"template":"","format":"standard","meta":{"fifu_image_url":"","fifu_image_alt":"","footnotes":""},"categories":[53,75],"tags":[],"class_list":["post-76261","post","type-post","status-publish","format-standard","has-post-thumbnail","hentry","category-algerie","category-sport"],"_links":{"self":[{"href":"https:\/\/linitiative.ca\/International\/wp-json\/wp\/v2\/posts\/76261","targetHints":{"allow":["GET"]}}],"collection":[{"href":"https:\/\/linitiative.ca\/International\/wp-json\/wp\/v2\/posts"}],"about":[{"href":"https:\/\/linitiative.ca\/International\/wp-json\/wp\/v2\/types\/post"}],"author":[{"embeddable":true,"href":"https:\/\/linitiative.ca\/International\/wp-json\/wp\/v2\/users\/1738"}],"replies":[{"embeddable":true,"href":"https:\/\/linitiative.ca\/International\/wp-json\/wp\/v2\/comments?post=76261"}],"version-history":[{"count":0,"href":"https:\/\/linitiative.ca\/International\/wp-json\/wp\/v2\/posts\/76261\/revisions"}],"wp:featuredmedia":[{"embeddable":true,"href":"https:\/\/linitiative.ca\/International\/wp-json\/"}],"wp:attachment":[{"href":"https:\/\/linitiative.ca\/International\/wp-json\/wp\/v2\/media?parent=76261"}],"wp:term":[{"taxonomy":"category","embeddable":true,"href":"https:\/\/linitiative.ca\/International\/wp-json\/wp\/v2\/categories?post=76261"},{"taxonomy":"post_tag","embeddable":true,"href":"https:\/\/linitiative.ca\/International\/wp-json\/wp\/v2\/tags?post=76261"}],"curies":[{"name":"wp","href":"https:\/\/api.w.org\/{rel}","templated":true}]}}