{"id":76267,"date":"2020-02-16T15:14:12","date_gmt":"2020-02-16T20:14:12","guid":{"rendered":"https:\/\/linitiative.ca\/International\/pros-der-zakarian-delort-est-tres-important-pour-nous\/"},"modified":"2020-02-16T15:14:12","modified_gmt":"2020-02-16T20:14:12","slug":"pros-der-zakarian-delort-est-tres-important-pour-nous","status":"publish","type":"post","link":"https:\/\/linitiative.ca\/International\/pros-der-zakarian-delort-est-tres-important-pour-nous\/","title":{"rendered":"Pros : Der Zakarian: \u00abDelort est tr\u00e8s important pour nous\u00bb"},"content":{"rendered":"<div readability=\"32\">\n<p>Auteur : <span>Riad O.<\/span> <span class=\"time\">dimanche 16 f\u00e9vrier 2020 19:39<\/span><\/p>\n<\/div>\n<div id=\"post_core\" readability=\"42\">\n<p>L\u2019entra\u00eeneur de Montpellier, Michel Der Zakarian a \u00e9voqu\u00e9 l\u2019absence de son attaquant Alg\u00e9rien, Andy Delort lors de la pr\u00e9c\u00e9dente rencontre\u00a0 face \u00e0 l\u2019AS Monaco:\u00a0\u00abAndy a de la puissance, un bon jeu de corps, il est important. Sans ses meilleurs joueurs sur le terrain, c&rsquo;est toujours plus difficile. Comme toutes les \u00e9quipes. Je ne regrette pas mon choix d&rsquo;avoir remplac\u00e9 Delort par un milieu. Mais de toute fa\u00e7on, depuis le d\u00e9but de saison, on est en difficult\u00e9 \u00e0 l&rsquo;ext\u00e9rieur.\u00bb Il faut dire que l\u2019absence de Delort face \u00e0 l\u2019AS Monaco s\u2019\u00e9tait cruellement fait ressentir.<\/p>\n<p><strong>Publi\u00e9 dans :<\/strong> <span>Delort<\/span><\/p>\n<\/div>\n<p>Auteur:<br \/>\n<a href=\"http:\/\/www.lebuteur.com\/article\/detail?titre=der-zakarian-delort-est-tres-important-pour-nous&#038;id=94848&#038;utm_source=feedburner&#038;utm_medium=feed&#038;utm_campaign=Feed%3A+GalerieFArtciles+%28Les+derniers+articles++-+lebuteur.com%29\">Cliquez ici pour lire l&rsquo;article depuis sa source.<\/a><\/p>\n","protected":false},"excerpt":{"rendered":"<p>Auteur : Riad O. dimanche 16 f\u00e9vrier 2020 19:39 L\u2019entra\u00eeneur de Montpellier, Michel Der Zakarian a \u00e9voqu\u00e9 l\u2019absence de son attaquant Alg\u00e9rien, Andy Delort lors de la pr\u00e9c\u00e9dente rencontre\u00a0 face \u00e0 l\u2019AS Monaco:\u00a0\u00abAndy a de la puissance, un bon jeu de corps, il est important. Sans ses meilleurs joueurs sur le terrain, c&rsquo;est toujours plus [&hellip;]<\/p>\n","protected":false},"author":1738,"featured_media":76268,"comment_status":"closed","ping_status":"closed","sticky":false,"template":"","format":"standard","meta":{"fifu_image_url":"","fifu_image_alt":"","footnotes":""},"categories":[53,75],"tags":[],"class_list":["post-76267","post","type-post","status-publish","format-standard","has-post-thumbnail","hentry","category-algerie","category-sport"],"_links":{"self":[{"href":"https:\/\/linitiative.ca\/International\/wp-json\/wp\/v2\/posts\/76267","targetHints":{"allow":["GET"]}}],"collection":[{"href":"https:\/\/linitiative.ca\/International\/wp-json\/wp\/v2\/posts"}],"about":[{"href":"https:\/\/linitiative.ca\/International\/wp-json\/wp\/v2\/types\/post"}],"author":[{"embeddable":true,"href":"https:\/\/linitiative.ca\/International\/wp-json\/wp\/v2\/users\/1738"}],"replies":[{"embeddable":true,"href":"https:\/\/linitiative.ca\/International\/wp-json\/wp\/v2\/comments?post=76267"}],"version-history":[{"count":0,"href":"https:\/\/linitiative.ca\/International\/wp-json\/wp\/v2\/posts\/76267\/revisions"}],"wp:featuredmedia":[{"embeddable":true,"href":"https:\/\/linitiative.ca\/International\/wp-json\/"}],"wp:attachment":[{"href":"https:\/\/linitiative.ca\/International\/wp-json\/wp\/v2\/media?parent=76267"}],"wp:term":[{"taxonomy":"category","embeddable":true,"href":"https:\/\/linitiative.ca\/International\/wp-json\/wp\/v2\/categories?post=76267"},{"taxonomy":"post_tag","embeddable":true,"href":"https:\/\/linitiative.ca\/International\/wp-json\/wp\/v2\/tags?post=76267"}],"curies":[{"name":"wp","href":"https:\/\/api.w.org\/{rel}","templated":true}]}}