{"id":76269,"date":"2020-02-16T15:14:14","date_gmt":"2020-02-16T20:14:14","guid":{"rendered":"https:\/\/linitiative.ca\/International\/pros-ferhat-merci-a-tous-pour-vos-messages-ca-me-va-droit-au-coeur\/"},"modified":"2020-02-16T15:14:14","modified_gmt":"2020-02-16T20:14:14","slug":"pros-ferhat-merci-a-tous-pour-vos-messages-ca-me-va-droit-au-coeur","status":"publish","type":"post","link":"https:\/\/linitiative.ca\/International\/pros-ferhat-merci-a-tous-pour-vos-messages-ca-me-va-droit-au-coeur\/","title":{"rendered":"Pros : Ferhat: \u00abMerci \u00e0 tous pour vos messages, \u00e7a me va droit au c\u0153ur\u00bb"},"content":{"rendered":"<div readability=\"32\">\n<p>Auteur : <span>Riad O.<\/span> <span class=\"time\">dimanche 16 f\u00e9vrier 2020 19:41<\/span><\/p>\n<\/div>\n<div id=\"post_core\" readability=\"45\">\n<p>Le joueur milieu de terrain Alg\u00e9rien de l\u2019Olympique N\u00eemes, Zinedine Ferhat a \u00e9t\u00e9 victime d\u2019un violent coup au visage lors de la rencontre de son team hier soir face \u00e0 Angers. En effet, le joueur de l\u2019EN a subi un KO impressionnant apr\u00e8s un choc avec le joueur adverse, Casimir Ninga. Ce dernier a d\u2019ailleurs \u00e9t\u00e9 exclu sur cette action. L\u2019ancien joueur du Havre a aussi quitt\u00e9 le terrain, mais sur civi\u00e8re. Il a \u00e9t\u00e9 transport\u00e9 \u00e0 l\u2019h\u00f4pital o\u00f9 il est rest\u00e9 en observation. Une s\u00e9rieuse blessure \u00e0 l\u2019\u0153il \u00e9tait redout\u00e9e pour le milieu de terrain de 26 ans. Mais, fort heureusement, il y a eu plus de peur que de mal. \u00a0En effet, c\u2019est Zinedine Ferhat, lui-m\u00eame, qui a tenu \u00e0 rassurer ses fans \u00e0 travers un message sur les r\u00e9seaux sociaux. Une publication \u00e0 laquelle il adjoint une photo o\u00f9 on le voit avec un \u00e9norme h\u00e9matome \u00e0 l\u2019\u0153il\u00a0:\u00a0\u00abMerci \u00e0 tous pour vos messages, \u00e7a me va droit au c\u0153ur.\u00bb a-t-il post\u00e9 sur les r\u00e9seaux sociaux. \u00abIl a l&rsquo;arcade sourcili\u00e8re p\u00e9t\u00e9e. Il a fallu lui faire quelques points. J\u2019esp\u00e8re que cela ne sera pas trop grave. Il est un peu sonn\u00e9 et il a mal.\u00bb avait d\u00e9clar\u00e9 l&rsquo;entra\u00eeneur Bernard Blaquart au sujet de Ferhat apr\u00e8s le match contre Angers.<\/p>\n<p><strong>Publi\u00e9 dans :<\/strong> <span>ferhat<\/span><\/p>\n<\/div>\n<p>Auteur:<br \/>\n<a href=\"http:\/\/www.lebuteur.com\/article\/detail?titre=ferhat-merci-a-tous-pour-vos-messages-ca-me-va-droit-au-coeur&#038;id=94849&#038;utm_source=feedburner&#038;utm_medium=feed&#038;utm_campaign=Feed%3A+GalerieFArtciles+%28Les+derniers+articles++-+lebuteur.com%29\">Cliquez ici pour lire l&rsquo;article depuis sa source.<\/a><\/p>\n","protected":false},"excerpt":{"rendered":"<p>Auteur : Riad O. dimanche 16 f\u00e9vrier 2020 19:41 Le joueur milieu de terrain Alg\u00e9rien de l\u2019Olympique N\u00eemes, Zinedine Ferhat a \u00e9t\u00e9 victime d\u2019un violent coup au visage lors de la rencontre de son team hier soir face \u00e0 Angers. En effet, le joueur de l\u2019EN a subi un KO impressionnant apr\u00e8s un choc avec [&hellip;]<\/p>\n","protected":false},"author":1738,"featured_media":76270,"comment_status":"closed","ping_status":"closed","sticky":false,"template":"","format":"standard","meta":{"fifu_image_url":"","fifu_image_alt":"","footnotes":""},"categories":[53,75],"tags":[],"class_list":["post-76269","post","type-post","status-publish","format-standard","has-post-thumbnail","hentry","category-algerie","category-sport"],"_links":{"self":[{"href":"https:\/\/linitiative.ca\/International\/wp-json\/wp\/v2\/posts\/76269","targetHints":{"allow":["GET"]}}],"collection":[{"href":"https:\/\/linitiative.ca\/International\/wp-json\/wp\/v2\/posts"}],"about":[{"href":"https:\/\/linitiative.ca\/International\/wp-json\/wp\/v2\/types\/post"}],"author":[{"embeddable":true,"href":"https:\/\/linitiative.ca\/International\/wp-json\/wp\/v2\/users\/1738"}],"replies":[{"embeddable":true,"href":"https:\/\/linitiative.ca\/International\/wp-json\/wp\/v2\/comments?post=76269"}],"version-history":[{"count":0,"href":"https:\/\/linitiative.ca\/International\/wp-json\/wp\/v2\/posts\/76269\/revisions"}],"wp:featuredmedia":[{"embeddable":true,"href":"https:\/\/linitiative.ca\/International\/wp-json\/"}],"wp:attachment":[{"href":"https:\/\/linitiative.ca\/International\/wp-json\/wp\/v2\/media?parent=76269"}],"wp:term":[{"taxonomy":"category","embeddable":true,"href":"https:\/\/linitiative.ca\/International\/wp-json\/wp\/v2\/categories?post=76269"},{"taxonomy":"post_tag","embeddable":true,"href":"https:\/\/linitiative.ca\/International\/wp-json\/wp\/v2\/tags?post=76269"}],"curies":[{"name":"wp","href":"https:\/\/api.w.org\/{rel}","templated":true}]}}