{"id":76275,"date":"2020-02-15T14:22:01","date_gmt":"2020-02-15T19:22:01","guid":{"rendered":"https:\/\/linitiative.ca\/International\/rencontre-gouvernement-walis-redefinir-le-role-du-wali\/"},"modified":"2020-02-15T14:22:01","modified_gmt":"2020-02-15T19:22:01","slug":"rencontre-gouvernement-walis-redefinir-le-role-du-wali","status":"publish","type":"post","link":"https:\/\/linitiative.ca\/International\/rencontre-gouvernement-walis-redefinir-le-role-du-wali\/","title":{"rendered":"Rencontre gouvernement-walis : Red\u00e9finir le r\u00f4le du wali"},"content":{"rendered":"<p>La rencontre entre le gouvernement et les walis pr\u00e9vue dimanche d\u00e9battre du r\u00f4le du wali comme acteur principal dans le d\u00e9veloppement local et surtout examiner les moyens de le lib\u00e9rer des contingences qui le r\u00e9duisent au r\u00f4le d\u2019ex\u00e9cutant.<br \/>C\u2019est ce qui ressort des th\u00e8mes inscrits aux d\u00e9bats de cette rencontre, la deuxi\u00e8me en moins de deux ans.\u00a0<br \/>Cette rencontre va relancer donc le d\u00e9bat sur le r\u00f4le du wali, qui ne dispose pas souvent de marge de man\u0153uvre dans la gestion de sa wilaya.<br \/>Des observateurs n\u2019h\u00e9sitent pas \u00e0 dire que ses pr\u00e9rogatives sont limit\u00e9es par des textes de loi qui font de lui un \u00ab\u00a0simple ex\u00e9cutant\u00a0\u00bb.<br \/>La preuve en est que lors la derni\u00e8re rencontre du genre, en novembre 2018, il \u00e9tait question de faire des walis des managers \u00e0 m\u00eame d\u2019attirer des investissements, et ainsi instaurer un nouveau mode de gouvernance.<br \/>Mais il se trouve que ceux-ci n\u2019ont pas pu concr\u00e9tiser cette orientation sur le terrain, et se trouvent confront\u00e9s \u00e0 plusieurs obstacles.<br \/>L\u2019attrait des investissements s\u2019est donc limit\u00e9 \u00e0 quelques projets touristiques, sans plus. De plus, d\u2019aucuns consid\u00e8rent que les interf\u00e9rences ont tout le temps confin\u00e9 le wali dans un r\u00f4le d\u2019ex\u00e9cutant, \u00e0 telle enseigne que certains d\u2019entre eux se sont retrouv\u00e9s m\u00eal\u00e9s \u00e0 des affaires de corruption ou d\u2019abus de confiance.<br \/>Plusieurs walis en ont r\u00e9pondu devant la justice et certains d\u2019entre eux sont emprisonn\u00e9s.<br \/>La rencontre gouvernement-walis 2020, plac\u00e9e sous le th\u00e8me \u00ab\u00a0Pour une Alg\u00e9rie nouvelle\u00a0\u00bb va se pencher sur plusieurs th\u00e8mes, entre autres, la qualit\u00e9 de vie du citoyen, le foncier \u00e9conomique, une gouvernance r\u00e9nov\u00e9e et ma\u00eetris\u00e9e, la mobilit\u00e9 et la s\u00e9curit\u00e9 routi\u00e8re, les zones \u00e0 promouvoir entre l\u2019ambition de relance et l\u2019imp\u00e9ratif d\u2019attractivit\u00e9 et la digitalisation et l\u2019intelligence collectives. Elle regroupera plus de 1 100 participants dont des membres du gouvernement, des cadres centraux et locaux, des \u00e9lus ainsi que des partenaires \u00e9conomiques.\u00a0Le minist\u00e8re de l\u2019Int\u00e9rieur, des Collectivit\u00e9s locales et de l\u2019Am\u00e9nagement du territoire a, dans un communiqu\u00e9, indiqu\u00e9 que la rencontre se tiendra \u00ab\u00a0dans un nouvel esprit de gouvernance\u00a0\u00bb, \u00e9tabli sur la base d\u2019une approche de d\u00e9veloppement \u00ab\u00a0durable et harmonieuse\u00a0\u00bb et mettant en valeur la qualit\u00e9 du cadre de vie du citoyen et son environnement.<br \/>Cette rencontre s\u2019inscrit, note-t-on, dans l\u2019optique de l\u2019instauration d\u2019une Alg\u00e9rie nouvelle \u00e0 laquelle a appel\u00e9 le pr\u00e9sident de la R\u00e9publique. Il a \u00e9t\u00e9 proc\u00e9d\u00e9, pr\u00e9cise-t-on, \u00e0 l\u2019organisation de cette r\u00e9union dans une perspective d\u2019analyse et d\u2019explication du plan d\u2019action du gouvernement et ses m\u00e9canismes de mise en \u0153uvre, selon une approche qui s\u2019appuie sur la participation des autorit\u00e9s locales, repr\u00e9sent\u00e9es par les cadres et \u00e9lus. Le but \u00e9tant de \u00ab\u00a0concr\u00e9tiser, d\u2019une mani\u00e8re effective, int\u00e9gr\u00e9e et participative, l\u2019ensemble des actions de d\u00e9veloppement pour lesquelles s\u2019est engag\u00e9 le pr\u00e9sident de la R\u00e9publique et qui sont contenues dans le plan d\u2019action du gouvernement\u00a0\u00bb, souligne-t-on. La rencontre vise aussi, pr\u00e9cise-t-on, \u00e0 \u00ab\u00a0\u00e9largir le terrain de la r\u00e9flexion et de la mise en application du plan arr\u00eat\u00e9 par les pouvoirs publics afin d\u2019\u00e9tablir une d\u00e9marche performante de d\u00e9veloppement, g\u00e9n\u00e9ratrice de richesses et favorable \u00e0 la mise en r\u00e9seau des initiatives innovantes des diff\u00e9rents acteurs tant sur le plan r\u00e9gional que local\u00a0\u00bb.<br \/>Il y a lieu de rappeler qu\u2019une rencontre similaire a eu lieu en novembre 2018. Il a \u00e9t\u00e9 proc\u00e9d\u00e9 \u00e0 l\u2019examen de cinq axes li\u00e9s essentiellement \u00e0 l\u2019approfondissement de la d\u00e9centralisation, \u00e0 l\u2019attractivit\u00e9 du territoire, \u00e0 la promotion du partenariat public-priv\u00e9, au service public de proximit\u00e9, ainsi qu\u2019\u00e0 la modernisation des services et prestations via la num\u00e9risation. Une rencontre qui n\u2019a pas d\u00e9bouch\u00e9 sur des actions op\u00e9rationnelles. La question qu\u2019on se pose\u00a0: la rencontre gouvernement-walis 2020 sera-t-elle comme les pr\u00e9c\u00e9dentes, sans actions concr\u00e8tes\u00a0?<\/p>\n<p>Auteur: Boudjedri<br \/>\n<a href=\"http:\/\/www.jeune-independant.net\/Rencontre-gouvernement-walis.html\">Cliquez ici pour lire l&rsquo;article depuis sa source.<\/a><\/p>\n","protected":false},"excerpt":{"rendered":"<p>La rencontre entre le gouvernement et les walis pr\u00e9vue dimanche d\u00e9battre du r\u00f4le du wali comme acteur principal dans le d\u00e9veloppement local et surtout examiner les moyens de le lib\u00e9rer des contingences qui le r\u00e9duisent au r\u00f4le d\u2019ex\u00e9cutant.C\u2019est ce qui ressort des th\u00e8mes inscrits aux d\u00e9bats de cette rencontre, la deuxi\u00e8me en moins de deux [&hellip;]<\/p>\n","protected":false},"author":1737,"featured_media":0,"comment_status":"closed","ping_status":"closed","sticky":false,"template":"","format":"standard","meta":{"fifu_image_url":"","fifu_image_alt":"","footnotes":""},"categories":[73,53],"tags":[],"class_list":["post-76275","post","type-post","status-publish","format-standard","hentry","category-actualite","category-algerie"],"_links":{"self":[{"href":"https:\/\/linitiative.ca\/International\/wp-json\/wp\/v2\/posts\/76275","targetHints":{"allow":["GET"]}}],"collection":[{"href":"https:\/\/linitiative.ca\/International\/wp-json\/wp\/v2\/posts"}],"about":[{"href":"https:\/\/linitiative.ca\/International\/wp-json\/wp\/v2\/types\/post"}],"author":[{"embeddable":true,"href":"https:\/\/linitiative.ca\/International\/wp-json\/wp\/v2\/users\/1737"}],"replies":[{"embeddable":true,"href":"https:\/\/linitiative.ca\/International\/wp-json\/wp\/v2\/comments?post=76275"}],"version-history":[{"count":0,"href":"https:\/\/linitiative.ca\/International\/wp-json\/wp\/v2\/posts\/76275\/revisions"}],"wp:attachment":[{"href":"https:\/\/linitiative.ca\/International\/wp-json\/wp\/v2\/media?parent=76275"}],"wp:term":[{"taxonomy":"category","embeddable":true,"href":"https:\/\/linitiative.ca\/International\/wp-json\/wp\/v2\/categories?post=76275"},{"taxonomy":"post_tag","embeddable":true,"href":"https:\/\/linitiative.ca\/International\/wp-json\/wp\/v2\/tags?post=76275"}],"curies":[{"name":"wp","href":"https:\/\/api.w.org\/{rel}","templated":true}]}}