{"id":76276,"date":"2020-02-15T15:30:00","date_gmt":"2020-02-15T20:30:00","guid":{"rendered":"https:\/\/linitiative.ca\/International\/bejaia-rassemblement-citoyen-hostile-au-festival-de-theatre\/"},"modified":"2020-02-15T15:30:00","modified_gmt":"2020-02-15T20:30:00","slug":"bejaia-rassemblement-citoyen-hostile-au-festival-de-theatre","status":"publish","type":"post","link":"https:\/\/linitiative.ca\/International\/bejaia-rassemblement-citoyen-hostile-au-festival-de-theatre\/","title":{"rendered":"B\u00e9ja\u00efa :Rassemblement citoyen hostile au festival de th\u00e9\u00e2tre"},"content":{"rendered":"<p>Un rassemblement citoyen a \u00e9t\u00e9 organis\u00e9 ce samedi apr\u00e8s-midi devant le th\u00e9\u00e2tre r\u00e9gional de B\u00e9ja\u00efa o\u00f9 devait \u00eatre donn\u00e9 le coup d\u2018envoi de la 10\u00e8me \u00e9dition du festival internationale du th\u00e9\u00e2tre sous le th\u00e8me \u00ab\u00a0La famille et l\u2019enfance\u00a0\u00bb \u00e0 laquelle est consacr\u00e9 2,5 milliards de centimes.<br \/>Des dizaines de citoyens ont scand\u00e9 des slogans hostiles \u00e0 l\u2019organisation d\u2018un festival international de th\u00e9\u00e2tre\u00a0: \u00ab\u00a0d\u2019wa makenche darou festival\u00a0\u00bb, \u00ab\u00a0Ulac ulac el festival\u00a0\u00bb.<br \/>Ces citoyens ont aussi d\u00e9nonc\u00e9 l\u2019eventelle venue du ministre de la culture ou tout autre responsable.<br \/>Le festival devait \u00eatre d\u00e9di\u00e9 \u00e0 la militante f\u00e9ministe Nabila Djahnine assassin\u00e9e \u00e0 Tizi-Ouzou le 15 f\u00e9vrier 1995 par des terroristes. Architecte de formation Nabila Djahnine \u00e9tait pr\u00e9sidente de l\u2019association \u00ab\u00a0Thighri n\u2019tmetout\u00a0\u00bb ou \u00ab\u00a0Cri de femme\u00a0\u00bb.<br \/>Elle \u00e9tait ag\u00e9e de trente ans.<br \/>Les protestataires ont aussi scand\u00e9 des slogans hostiles au directeur du TRB\u00a0; \u00ab\u00a0Benaissa d\u00e9gage\u00a0\u00bb.<br \/>Pour les manifestants, il y a un paradoxe de dire que nous n\u2018avons pas d\u2019argent et d\u2019organiser des festivals \u00e0 coup de milliards\u00a0\u00bb. \u00ab\u00a0Nous avons besoin de projets structurants pour le moment et surtout de travail pour les ch\u00f4meurs\u00a0\u00bb, lance un manifestant au milieu de la foule.<br \/>Notons qu\u2019un hommage devait \u00eatre rendu aussi au com\u00e9dien \u00e0 Omar Guendouz \u00e0 l\u2019occasion de la cl\u00f4ture de cette \u00e9dition.\u00a0<\/p>\n<p>Auteur: Boudjedri<br \/>\n<a href=\"http:\/\/www.jeune-independant.net\/Bejaia-Rassemblement-citoyen.html\">Cliquez ici pour lire l&rsquo;article depuis sa source.<\/a><\/p>\n","protected":false},"excerpt":{"rendered":"<p>Un rassemblement citoyen a \u00e9t\u00e9 organis\u00e9 ce samedi apr\u00e8s-midi devant le th\u00e9\u00e2tre r\u00e9gional de B\u00e9ja\u00efa o\u00f9 devait \u00eatre donn\u00e9 le coup d\u2018envoi de la 10\u00e8me \u00e9dition du festival internationale du th\u00e9\u00e2tre sous le th\u00e8me \u00ab\u00a0La famille et l\u2019enfance\u00a0\u00bb \u00e0 laquelle est consacr\u00e9 2,5 milliards de centimes.Des dizaines de citoyens ont scand\u00e9 des slogans hostiles \u00e0 [&hellip;]<\/p>\n","protected":false},"author":1737,"featured_media":0,"comment_status":"closed","ping_status":"closed","sticky":false,"template":"","format":"standard","meta":{"fifu_image_url":"","fifu_image_alt":"","footnotes":""},"categories":[73,53],"tags":[],"class_list":["post-76276","post","type-post","status-publish","format-standard","hentry","category-actualite","category-algerie"],"_links":{"self":[{"href":"https:\/\/linitiative.ca\/International\/wp-json\/wp\/v2\/posts\/76276","targetHints":{"allow":["GET"]}}],"collection":[{"href":"https:\/\/linitiative.ca\/International\/wp-json\/wp\/v2\/posts"}],"about":[{"href":"https:\/\/linitiative.ca\/International\/wp-json\/wp\/v2\/types\/post"}],"author":[{"embeddable":true,"href":"https:\/\/linitiative.ca\/International\/wp-json\/wp\/v2\/users\/1737"}],"replies":[{"embeddable":true,"href":"https:\/\/linitiative.ca\/International\/wp-json\/wp\/v2\/comments?post=76276"}],"version-history":[{"count":0,"href":"https:\/\/linitiative.ca\/International\/wp-json\/wp\/v2\/posts\/76276\/revisions"}],"wp:attachment":[{"href":"https:\/\/linitiative.ca\/International\/wp-json\/wp\/v2\/media?parent=76276"}],"wp:term":[{"taxonomy":"category","embeddable":true,"href":"https:\/\/linitiative.ca\/International\/wp-json\/wp\/v2\/categories?post=76276"},{"taxonomy":"post_tag","embeddable":true,"href":"https:\/\/linitiative.ca\/International\/wp-json\/wp\/v2\/tags?post=76276"}],"curies":[{"name":"wp","href":"https:\/\/api.w.org\/{rel}","templated":true}]}}