{"id":76277,"date":"2020-02-15T17:23:50","date_gmt":"2020-02-15T22:23:50","guid":{"rendered":"https:\/\/linitiative.ca\/International\/apres-le-quitus-de-lapn-djerad-devant-les-senateurs\/"},"modified":"2020-02-15T17:23:50","modified_gmt":"2020-02-15T22:23:50","slug":"apres-le-quitus-de-lapn-djerad-devant-les-senateurs","status":"publish","type":"post","link":"https:\/\/linitiative.ca\/International\/apres-le-quitus-de-lapn-djerad-devant-les-senateurs\/","title":{"rendered":"Apr\u00e8s le quitus de l&rsquo;APN : Djerad devant les s\u00e9nateurs"},"content":{"rendered":"<p>Apr\u00e8s son adoption par l\u2019Assembl\u00e9e populaire nationale (APN), le plan d\u2019action du gouvernement a \u00e9t\u00e9 pr\u00e9sent\u00e9 ce dimanche aux membres du Conseil de la nation par le Premier ministre Abdelaziz Djerad.\u00a0<br \/>L\u2019examen dudit programme\u00a0par la chambre haute du Parlement a \u00e9t\u00e9 entam\u00e9 lors d\u2019une s\u00e9ance pl\u00e9ni\u00e8re pr\u00e9sid\u00e9e par le pr\u00e9sident du S\u00e9nat par int\u00e9rim, Salah Goudjil, et se poursuivra aujourd\u2019hui.<br \/>A l\u2019issue de l\u2019expos\u00e9 du Premier ministre, les membres du Conseil de la nation proc\u00e8deront au d\u00e9bat g\u00e9n\u00e9ral du plan d\u2019action du gouvernement. Co\u00efncidant avec la rencontre gouvernement-walis, la s\u00e9ance pr\u00e9vue aujourd\u2019hui va \u00eatre programm\u00e9e probablement dans l\u2019apr\u00e8s-midi et sera consacr\u00e9e aux r\u00e9ponses du Premier ministre aux questions soulev\u00e9es par les membres du Conseil en vue de l\u2019adoption d\u2019une motion.<br \/>Le projet du plan d\u2019action du gouvernement va permettre la mise en \u0153uvre du programme du pr\u00e9sident de la R\u00e9publique, Abdelaziz Tebboune. Pour rappel, il a \u00e9t\u00e9 adopt\u00e9 sans grande surprise \u00e0 la majorit\u00e9, jeudi, par les membres de l\u2019Assembl\u00e9e populaire nationale. Un programme qui a \u00e9t\u00e9 r\u00e9sum\u00e9 en cinq chapitres englobant en son sein les 54 engagements annonc\u00e9s par le pr\u00e9sident Tebboune lors de sa campagne \u00e9lectorale.<br \/>Le premier chapitre est ax\u00e9, selon les pr\u00e9cisions du chef de l\u2019Ex\u00e9cutif, sur un nombre de lignes directrices, en l\u2019occurrence la refonte du dispositif l\u00e9gislatif d\u2019organisation des \u00e9lections, la moralisation de la vie publique, la refonte de l\u2019organisation et des modes de gestion de l\u2019Etat et de ses d\u00e9membrements et un exercice \u00ab\u00a0plein\u00a0\u00bb des droits et libert\u00e9s.<br \/>Le deuxi\u00e8me traite de la r\u00e9forme financi\u00e8re et du renouveau \u00e9conomique. Il y est notamment question de la refonte du syst\u00e8me fiscal, de l\u2019instauration de nouvelles r\u00e8gles de gouvernance budg\u00e9taire, de modernisation du syst\u00e8me bancaire et financier et de d\u00e9veloppement de l\u2019information statistique \u00e9conomique et sociale et de la fonction prospective.<br \/>Le troisi\u00e8me chapitre est consacr\u00e9, quant \u00e0 lui, au d\u00e9veloppement humain et \u00e0 la politique sociale. Le quatri\u00e8me porte sur la politique \u00e9trang\u00e8re devant \u00eatre \u00ab\u00a0dynamique et proactive\u00a0\u00bb, alors que le cinqui\u00e8me est d\u00e9di\u00e9 au renforcement de la s\u00e9curit\u00e9 et \u00e0 la d\u00e9fense nationale.<br \/>En somme, le gouvernement souligne qu\u2019il entend relever les d\u00e9fis que traduit parfaitement la vision globale du pr\u00e9sident de la R\u00e9publique, \u00ab\u00a0vision nourrie des r\u00e9alit\u00e9s politiques, \u00e9conomiques et sociales et inspir\u00e9e des attentes exprim\u00e9es, de mani\u00e8re claire et d\u00e9termin\u00e9e, par les citoyens et citoyennes\u00a0\u00bb.<br \/>Ceci \u00e9tant dit, le plan d\u2019action du gouvernement a \u00e9t\u00e9 critiqu\u00e9 par des membres de la chambre basse du Parlement lors de son examen, le qualifiant d\u2019un ensemble de g\u00e9n\u00e9ralit\u00e9s sans objectifs pr\u00e9cis ni m\u00e9canismes de mise en application, ainsi que pour absence des \u00e9ch\u00e9ances de sa concr\u00e9tisation.<br \/>L\u2019autre question qui demeure entour\u00e9e d\u2019ambiguit\u00e9 dans le plan pr\u00e9sent\u00e9 par Djerad est le financement de ce programme, qu\u2019on veut faire passer en le \u00ab\u00a0fourrant\u00a0\u00bb de plusieurs mesures populistes.<br \/>Le gouvernement de Djerad tente de convaincre l\u2019opinion publique qu\u2019il y a \u00ab\u00a0des niches de financement internes\u00a0\u00bb, sugg\u00e9rant \u00e0 titre d\u2019exemple d\u2019aller voir aussi dans le circuit informel qui, selon lui, renferme quelques centaines de milliards, sans exclure d\u2019autres moyens \u00e0 explorer de mani\u00e8re \u00e0 ne pas compromettre la souverainet\u00e9 du pays.<br \/>Sur ce point, Djerad n\u2019\u00e9carte pas la possibilit\u00e9 de recourir \u00e0 la Banque africaine de d\u00e9veloppement (BAD) ou encore \u00e0 des structure bancaires d\u2019investissement arabes pour contracter des pr\u00eats et pouvoir financer les projets inclus dans le programme.\u00a0<\/p>\n<p>Auteur: Boudjedri<br \/>\n<a href=\"http:\/\/www.jeune-independant.net\/Apres-le-quitus-de-l-APN-Djerad.html\">Cliquez ici pour lire l&rsquo;article depuis sa source.<\/a><\/p>\n","protected":false},"excerpt":{"rendered":"<p>Apr\u00e8s son adoption par l\u2019Assembl\u00e9e populaire nationale (APN), le plan d\u2019action du gouvernement a \u00e9t\u00e9 pr\u00e9sent\u00e9 ce dimanche aux membres du Conseil de la nation par le Premier ministre Abdelaziz Djerad.\u00a0L\u2019examen dudit programme\u00a0par la chambre haute du Parlement a \u00e9t\u00e9 entam\u00e9 lors d\u2019une s\u00e9ance pl\u00e9ni\u00e8re pr\u00e9sid\u00e9e par le pr\u00e9sident du S\u00e9nat par int\u00e9rim, Salah Goudjil, [&hellip;]<\/p>\n","protected":false},"author":1737,"featured_media":0,"comment_status":"closed","ping_status":"closed","sticky":false,"template":"","format":"standard","meta":{"fifu_image_url":"","fifu_image_alt":"","footnotes":""},"categories":[73,53],"tags":[],"class_list":["post-76277","post","type-post","status-publish","format-standard","hentry","category-actualite","category-algerie"],"_links":{"self":[{"href":"https:\/\/linitiative.ca\/International\/wp-json\/wp\/v2\/posts\/76277","targetHints":{"allow":["GET"]}}],"collection":[{"href":"https:\/\/linitiative.ca\/International\/wp-json\/wp\/v2\/posts"}],"about":[{"href":"https:\/\/linitiative.ca\/International\/wp-json\/wp\/v2\/types\/post"}],"author":[{"embeddable":true,"href":"https:\/\/linitiative.ca\/International\/wp-json\/wp\/v2\/users\/1737"}],"replies":[{"embeddable":true,"href":"https:\/\/linitiative.ca\/International\/wp-json\/wp\/v2\/comments?post=76277"}],"version-history":[{"count":0,"href":"https:\/\/linitiative.ca\/International\/wp-json\/wp\/v2\/posts\/76277\/revisions"}],"wp:attachment":[{"href":"https:\/\/linitiative.ca\/International\/wp-json\/wp\/v2\/media?parent=76277"}],"wp:term":[{"taxonomy":"category","embeddable":true,"href":"https:\/\/linitiative.ca\/International\/wp-json\/wp\/v2\/categories?post=76277"},{"taxonomy":"post_tag","embeddable":true,"href":"https:\/\/linitiative.ca\/International\/wp-json\/wp\/v2\/tags?post=76277"}],"curies":[{"name":"wp","href":"https:\/\/api.w.org\/{rel}","templated":true}]}}