{"id":76284,"date":"2020-02-16T07:42:00","date_gmt":"2020-02-16T12:42:00","guid":{"rendered":"https:\/\/linitiative.ca\/International\/kais-saied-est-il-si-sur-de-ses-hommes\/"},"modified":"2020-02-16T07:42:00","modified_gmt":"2020-02-16T12:42:00","slug":"kais-saied-est-il-si-sur-de-ses-hommes","status":"publish","type":"post","link":"https:\/\/linitiative.ca\/International\/kais-saied-est-il-si-sur-de-ses-hommes\/","title":{"rendered":"Kais Sa\u00efed est-il si s\u00fbr de \u00ab ses hommes \u00bb ?"},"content":{"rendered":"<p>L\u2019annonce des nouveaux ministres des Affaires \u00e9trang\u00e8res et de la D\u00e9fense nationale dans le gouvernement encore entre crochets d\u2019Ely\u00e8s Fakhfakh suscite des interrogations. Apr\u00e8s avoir d\u00e9sign\u00e9 <a href=\"https:\/\/www.leaders.com.tn\/article\/28770-qui-est-khaled-sehili-nouveau-ministre-des-affaires-etrangeres\">Khaled Sehili<\/a> \u00e0 la t\u00eate de la diplomatie et <a href=\"https:\/\/www.leaders.com.tn\/article\/28829-qui-est-imed-derouiche-nomme-ministre-de-la-defense-nationale\">Adel Derouiche<\/a> pour diriger le minist\u00e8re de la D\u00e9fense, dans <a href=\"https:\/\/www.leaders.com.tn\/article\/28774-officiel-la-composition-complete-du-gouvernement-de-habib-jemli\">le cabinet avort\u00e9 d\u2019Habib Jemli<\/a>,\u00a0le pr\u00e9sident Kais Saied est revenu sur ses choix et chang\u00e9 de fusil d\u2019\u00e9paule. Quarante cinq jours apr\u00e8s, il a retenu respectivement <a href=\"https:\/\/www.leaders.com.tn\/article\/29149-la-mission-difficile-de-noureddine-erray-ministre-des-affaires-etrangeres\">Noureddine Erray,<\/a> ambassadeur \u00e0 Oman et Imed Hazgui, magistrat, pr\u00e9sident de l\u2019Instance nationale d\u2019acc\u00e8s \u00e0 l\u2019information. Evidemment, c\u2019est son droit que de changer d\u2019avis. En bonne transparence, il aura certainement l\u2019occasion d\u2019expliquer les motivations de sa d\u00e9cision et r\u00e9futer la th\u00e8se de ceux qui injustement l\u2019accusent de volte-face.<\/p>\n<p>Juste pour \u00e9clairer la lanterne des lecteurs, la constitution ne mentionne aucun domaine r\u00e9serv\u00e9 au chef de l\u2019Etat. Mais, pour ces deux fonctions, les nominations se font en concertation entre le chef du gouvernement et le pr\u00e9sident de la R\u00e9publique. L\u2019initiative de proposition appartient cependant \u00e0 celui d\u00e9sign\u00e9 pour former son cabinet, et il se doit de s\u2019en concerter avec le chef de l\u2019Etat sans obligation dument mentionn\u00e9e de se rallier \u00e0 son avis.<\/p>\n<h2>\u00ab\u00a0Sugg\u00e9r\u00e9 ou emprunt\u00e9\u00a0?\u00bb<\/h2>\n<p>Une autre nomination ne passe pas inaper\u00e7ue\u00a0: celle de <a href=\"http:\/\/www.iort.gov.tn\/WD120AWP\/WD120Awp.exe\/CTX_2344-55-uNNWvhpGFz\/AfficheJORT\/SYNC_1818355972\">Hichem Mechichi<\/a> en qualit\u00e9 de ministre de l\u2019Int\u00e9rieur. Il y a dix jours seulement, le Journal officiel annon\u00e7ait sa nomination en qualit\u00e9 de Conseiller principal aupr\u00e8s du pr\u00e9sident de la R\u00e9publique, charg\u00e9 des affaires juridiques (D\u00e9cret N\u00b0 2020 \u2013 07, en date du 4 f\u00e9vrier 2020). Est-ce le pr\u00e9sident Sa\u00efed qui a \u00ab\u00a0sugg\u00e9r\u00e9\u00a0\u00bb son nom \u00e0 Fakhfakh o\u00f9 est-ce ce dernier qui a tenu \u00e0 \u00ab\u00a0l\u2019emprunter\u00a0\u00bb au Pr\u00e9sident\u00a0? Une r\u00e9ponse s\u2019impose.<\/p>\n<h2>Le cas Bettbaieb<\/h2>\n<p>D\u00e9j\u00e0 avant de clore ses premiers cent jours au palais de Carthage, le pr\u00e9sident Kaies Saied a d\u00fb op\u00e9rer des \u00ab\u00a0ajustements\u00a0\u00bb quant \u00e0 la composition de son \u00e9quipe. Si l\u2019ambassadeur Tarek Bettaieb, a accompli comme annonc\u00e9 d\u00e8s le d\u00e9part sa mission de trois mois, en tant que \u00ab\u00a0charg\u00e9 de la coordination\u00a0\u00bb du cabinet pr\u00e9sidentiel, pour\u00a0 regagner fin janvier son poste \u00e0 T\u00e9h\u00e9ran, le tout puissant ministre-conseiller qu\u2019\u00e9tait alors l\u2019ambassadeur Abderraouf Betbaieb, nomm\u00e9 le 31 octobre dernier, a \u00e9t\u00e9 \u00ab\u00a0pouss\u00e9\u00a0\u00bb \u00e0 la sortie, le 4 f\u00e9vrier. A-t-il faut\u00e9\u00a0? Et en quoi\u00a0? Il a un honneur \u00e0 d\u00e9fendre, il y a une explication redevable aux Tunisiens, et une suite, si n\u00e9cessaire. Rien ne saurait rester sous silence.<\/p>\n<p>Commentant le limogeage de Baati, la communicante de Carthage a d\u00e9clar\u00e9 \u00e0 notre confr\u00e8re Assabah que ceux qui ont commis des fautes en assumeront leurs responsabilit\u00e9s. Ctte r\u00e8gle et-elle r\u00e9serv\u00e9e \u00e0 Baati ou doit-elle s\u2019appliquer \u00e0 tous\u00a0?<\/p>\n<p>Dans la foul\u00e9e, c\u2019est le chef de Protocole, Tarek Hannachi (conseiller des Affaires \u00e9trang\u00e8res, ayant servi notamment \u00e0 Benghazi et Alger), nomm\u00e9 en d\u00e9cembre 2019, qui regagne son d\u00e9partement d\u2019origine. L\u00e0 aussi, pourquoi\u00a0? Le palais bruit de rumeurs qu\u2019une communication transparente aurait dissiper. C\u2019est <a href=\"https:\/\/www.leaders.com.tn\/article\/29067-naoufel-hdia-nouveau-chef-du-protocole-a-la-presidence-de-la-republique\">Naoufel Hdia,<\/a> jusque-l\u00e0 sous-directeur aux Affaires \u00e9trang\u00e8res qui lui succ\u00e8de.<\/p>\n<h2>D\u00e9capitations en s\u00e9rie<\/h2>\n<p>Quant aux limogeages prononc\u00e9s par le Pr\u00e9sident Kais Saied depuis son accession \u00e0 la magistrature supr\u00eame, ils sont significatifs. Apr\u00e8s les ministres Abdelkrim Zbidi (D\u00e9fense) et Khemaies Jhinaoui (Affaires \u00e9trang\u00e8res), ce fut le tour des ambassadeurs Abdelaziz Rassaa (Paris) et Moncef Baati (New York), sans oublier Ali Lachaal, consul g\u00e9n\u00e9ral \u00e0 Paris, et ce dans les conditions que tous connaissent. Un point juridique se pose particuli\u00e8rement pour le limogeage de Baati\u00a0: qui est habilit\u00e9 \u00e0 prendre cette d\u00e9cision\u00a0? Est-ce le pr\u00e9sident de la R\u00e9publique qui lui avait remis ses lettres de cr\u00e9ance ou le ministre des Affaires \u00e9trang\u00e8res qui avait pris le d\u00e9cret relatif \u00e0 sa nomination, et portant la signature du chef du gouvernement. Sans parler des communiqu\u00e9s de presse officiels et les d\u00e9clarations de porte-paroles de Carthage et du MAE \u00e0 ce sujet.<\/p>\n<p>\u00ab\u00a0C\u2019est tout-\u00e0-fait normal, relativise un proche de Saied. Un nouveau chef d\u2019Etat qui, au surplus, n\u2019est pas issu du s\u00e9rail, a toute la latitude de composer et recomposer son cabinet ajoute-t-il. C\u2019est une p\u00e9riode d\u2019amorce o\u00f9 il prend ses marques et qui va se clore rapidement\u00a0\u00bb, rassure-t-il. Sans convaincre\u00a0!<\/p>\n<p>Pour introduire une note apaisante, disons que la satbilit\u00e9 au sein du cabinet pr\u00e9sidentiel est au moins illustr\u00e9e par la gent f\u00e9minine.\u00a0Rachida Ennaifar a \u00e9t\u00e9 maintenue en cheffe de Comunication, et Nadia Akacha, d\u00e9j\u00e0 conseill\u00e8re principale, promue ministre &#8211; directrice du cabinet pr\u00e9sidentiel.\u00a0<\/p>\n<p>Auteur:<br \/>\n<a href=\"https:\/\/www.leaders.com.tn\/article\/29158-kais-saied-est-il-si-sur-de-ses-hommes\">Cliquez ici pour lire l&rsquo;article depuis sa source.<\/a><\/p>\n","protected":false},"excerpt":{"rendered":"<p>L\u2019annonce des nouveaux ministres des Affaires \u00e9trang\u00e8res et de la D\u00e9fense nationale dans le gouvernement encore entre crochets d\u2019Ely\u00e8s Fakhfakh suscite des interrogations. Apr\u00e8s avoir d\u00e9sign\u00e9 Khaled Sehili \u00e0 la t\u00eate de la diplomatie et Adel Derouiche pour diriger le minist\u00e8re de la D\u00e9fense, dans le cabinet avort\u00e9 d\u2019Habib Jemli,\u00a0le pr\u00e9sident Kais Saied est revenu [&hellip;]<\/p>\n","protected":false},"author":1772,"featured_media":0,"comment_status":"closed","ping_status":"closed","sticky":false,"template":"","format":"standard","meta":{"fifu_image_url":"","fifu_image_alt":"","footnotes":""},"categories":[73,55],"tags":[],"class_list":["post-76284","post","type-post","status-publish","format-standard","hentry","category-actualite","category-tunisie"],"_links":{"self":[{"href":"https:\/\/linitiative.ca\/International\/wp-json\/wp\/v2\/posts\/76284","targetHints":{"allow":["GET"]}}],"collection":[{"href":"https:\/\/linitiative.ca\/International\/wp-json\/wp\/v2\/posts"}],"about":[{"href":"https:\/\/linitiative.ca\/International\/wp-json\/wp\/v2\/types\/post"}],"author":[{"embeddable":true,"href":"https:\/\/linitiative.ca\/International\/wp-json\/wp\/v2\/users\/1772"}],"replies":[{"embeddable":true,"href":"https:\/\/linitiative.ca\/International\/wp-json\/wp\/v2\/comments?post=76284"}],"version-history":[{"count":0,"href":"https:\/\/linitiative.ca\/International\/wp-json\/wp\/v2\/posts\/76284\/revisions"}],"wp:attachment":[{"href":"https:\/\/linitiative.ca\/International\/wp-json\/wp\/v2\/media?parent=76284"}],"wp:term":[{"taxonomy":"category","embeddable":true,"href":"https:\/\/linitiative.ca\/International\/wp-json\/wp\/v2\/categories?post=76284"},{"taxonomy":"post_tag","embeddable":true,"href":"https:\/\/linitiative.ca\/International\/wp-json\/wp\/v2\/tags?post=76284"}],"curies":[{"name":"wp","href":"https:\/\/api.w.org\/{rel}","templated":true}]}}