{"id":76290,"date":"2020-02-16T14:37:47","date_gmt":"2020-02-16T19:37:47","guid":{"rendered":"https:\/\/linitiative.ca\/International\/coupe-mohammed-vi-al-ismaily-bat-le-raja\/"},"modified":"2020-02-16T14:37:47","modified_gmt":"2020-02-16T19:37:47","slug":"coupe-mohammed-vi-al-ismaily-bat-le-raja","status":"publish","type":"post","link":"https:\/\/linitiative.ca\/International\/coupe-mohammed-vi-al-ismaily-bat-le-raja\/","title":{"rendered":"Coupe Mohammed VI : Al Ismaily bat le Raja"},"content":{"rendered":"<p><strong>Le Raja de Casablanca s\u2019est inclin\u00e9 face \u00e0 Al Ismaily dans le match qui les a oppos\u00e9s cette apr\u00e8s-midi \u00e0 Ismailia en Egypte, comptant pour la demi-finale aller de la Coupe Mohammed VI des clubs champions arabes.<\/strong><\/p>\n<div class=\"c10\"\/>\n<p>Les but de la victoire des Egyptiens a \u00e9t\u00e9 marqu\u00e9 par l\u2019international tunisien Fakhreddine ben Youssef dans la seconde moiti\u00e9 d\u2019un penalty, siffl\u00e9 par l\u2019arbitre omanais Abou Bakr Said apr\u00e8s avoir consult\u00e9 la VAR.<\/p>\n<p>Les Verts ont rat\u00e9 de nombreuses occasions, l\u2019offensive rajaouie ayant but\u00e9 contre l\u2019excellence du gardien \u00e9gyptien. Les prot\u00e9g\u00e9s de Jamal Sellami devront attendre le match retour qui aura lieu le 18 avril \u00e0 Casablanca pour inverser le score en leur faveur et se qualifier \u00e0 la finale de cette comp\u00e9tition.<\/p>\n<div class=\"c17\">\n<fieldset class=\"c16\">\n<legend><strong><span class=\"c11\">Challenge<\/span><span class=\"c12\">news<\/span><\/strong><\/legend>\n<div class=\"c15\">Le meilleur de Challenge s\u00e9lectionn\u00e9 par la r\u00e9daction :<\/p>\n<\/div>\n<\/fieldset>\n<\/div>\n<p>Auteur: challenge<br \/>\n<a href=\"https:\/\/www.challenge.ma\/coupe-mohammed-vi-al-ismaily-bat-le-raja-130274\/\">Cliquez ici pour lire l&rsquo;article depuis sa source.<\/a><\/p>\n","protected":false},"excerpt":{"rendered":"<p>Le Raja de Casablanca s\u2019est inclin\u00e9 face \u00e0 Al Ismaily dans le match qui les a oppos\u00e9s cette apr\u00e8s-midi \u00e0 Ismailia en Egypte, comptant pour la demi-finale aller de la Coupe Mohammed VI des clubs champions arabes. Les but de la victoire des Egyptiens a \u00e9t\u00e9 marqu\u00e9 par l\u2019international tunisien Fakhreddine ben Youssef dans la [&hellip;]<\/p>\n","protected":false},"author":1787,"featured_media":0,"comment_status":"closed","ping_status":"closed","sticky":false,"template":"","format":"standard","meta":{"fifu_image_url":"","fifu_image_alt":"","footnotes":""},"categories":[78,54],"tags":[],"class_list":["post-76290","post","type-post","status-publish","format-standard","hentry","category-economie","category-maroc"],"_links":{"self":[{"href":"https:\/\/linitiative.ca\/International\/wp-json\/wp\/v2\/posts\/76290","targetHints":{"allow":["GET"]}}],"collection":[{"href":"https:\/\/linitiative.ca\/International\/wp-json\/wp\/v2\/posts"}],"about":[{"href":"https:\/\/linitiative.ca\/International\/wp-json\/wp\/v2\/types\/post"}],"author":[{"embeddable":true,"href":"https:\/\/linitiative.ca\/International\/wp-json\/wp\/v2\/users\/1787"}],"replies":[{"embeddable":true,"href":"https:\/\/linitiative.ca\/International\/wp-json\/wp\/v2\/comments?post=76290"}],"version-history":[{"count":0,"href":"https:\/\/linitiative.ca\/International\/wp-json\/wp\/v2\/posts\/76290\/revisions"}],"wp:attachment":[{"href":"https:\/\/linitiative.ca\/International\/wp-json\/wp\/v2\/media?parent=76290"}],"wp:term":[{"taxonomy":"category","embeddable":true,"href":"https:\/\/linitiative.ca\/International\/wp-json\/wp\/v2\/categories?post=76290"},{"taxonomy":"post_tag","embeddable":true,"href":"https:\/\/linitiative.ca\/International\/wp-json\/wp\/v2\/tags?post=76290"}],"curies":[{"name":"wp","href":"https:\/\/api.w.org\/{rel}","templated":true}]}}