{"id":76301,"date":"2020-02-16T17:23:25","date_gmt":"2020-02-16T22:23:25","guid":{"rendered":"https:\/\/linitiative.ca\/International\/centrale-electrique-de-kossodo-les-travaux-dextension-executes-a-69\/"},"modified":"2020-02-16T17:23:25","modified_gmt":"2020-02-16T22:23:25","slug":"centrale-electrique-de-kossodo-les-travaux-dextension-executes-a-69","status":"publish","type":"post","link":"https:\/\/linitiative.ca\/International\/centrale-electrique-de-kossodo-les-travaux-dextension-executes-a-69\/","title":{"rendered":"Centrale \u00e9lectrique de Kossodo : Les travaux d\u2019extension ex\u00e9cut\u00e9s \u00e0 69%"},"content":{"rendered":"<div class=\"td-post-featured-image\" readability=\"34\"><a href=\"https:\/\/i1.wp.com\/www.sidwaya.info\/wp-content\/uploads\/2020\/02\/kossodo.gif?fit=787%2C525&#038;ssl=1\" data-caption=\"Le ministre de l\u2019\u00e9nergie, Dr Bachir Isma\u00ebl Ou\u00e9draogo (milieu) a dit sa satisfaction de voir les travaux d\u2019extension de la centrale avancer convenablement.\"><img loading=\"lazy\" decoding=\"async\" width=\"696\" height=\"464\" class=\"entry-thumb td-modal-image\" src=\"https:\/\/i1.wp.com\/www.sidwaya.info\/wp-content\/uploads\/2020\/02\/kossodo.gif?resize=696%2C464&#038;ssl=1\" alt=\"\" title=\"kossodo\"\/><\/a>Le ministre de l\u2019\u00e9nergie, Dr Bachir Isma\u00ebl Ou\u00e9draogo (milieu) a dit sa satisfaction de voir les travaux d\u2019extension de la centrale avancer convenablement.<\/div>\n<p><strong>Le ministre de l\u2019Energie, Dr Bachir Isma\u00ebl Ou\u00e9draogo, s\u2019est rendu \u00e0 la centrale \u00e9lectrique de Kossodo, \u00e0 Ouagadougou, le vendredi 14 f\u00e9vrier 2020. Il a visit\u00e9 le chantier de renforcement de l\u2019ouvrage et encourag\u00e9 le personnel.<\/strong><\/p>\n<p>La centrale \u00e9lectrique de Kossodo, \u00e0 Ouagadougou, b\u00e9n\u00e9ficie d\u2019un projet de renforcement qui consiste en la construction d\u2019une nouvelle tranche de 5O m\u00e9gawatts. Cette extension vise \u00e0 accro\u00eetre l\u2019offre d\u2019\u00e9nergie par le renforcement des capacit\u00e9s de production nationale et \u00e0 r\u00e9duire le co\u00fbt d\u2019acc\u00e8s \u00e0 l\u2019\u00e9lectricit\u00e9. Le ministre de l\u2019Energie, Dr Bachir Isma\u00ebl Ou\u00e9draogo, est all\u00e9, en compagnie de responsables de la SONABEL, constater le niveau d\u2019avancement des travaux.<\/p>\n<p>De la salle des machines en passant par la section \u00e9lectrique au parc combustible, le chantier conna\u00eet un degr\u00e9 d\u2019avancement normal. Selon le PDG de l\u2019entreprise TECMON, qui ex\u00e9cute la construction de la tranche de 50 MW, Fran\u00e7ois Sanvi Sodji, le taux d\u2019ex\u00e9cution est de 69,9 % et tout avance bien. \u00ab Toutes les difficult\u00e9s sont d\u00e9j\u00e0 lev\u00e9es. Les moteurs et les pi\u00e8ces centrales vont arriver d\u2019ici fin avril. Le d\u00e9lai de fin des travaux sera respect\u00e9. Il est possible qu\u2019on rende la centrale avant la date pr\u00e9vue qui est le 3 novembre 2020 \u00bb, a-t-il d\u00e9clar\u00e9. Pour le ministre de l\u2019Energie, l\u2019extension de la centrale r\u00e9pond aussi \u00e0 une demande qui cro\u00eet de fa\u00e7on \u00ab exponentielle \u00bb et \u00e0 une population grandissante.<\/p>\n<p>\u00abIl y a 30% de la population qui a acc\u00e8s \u00e0 l\u2019\u00e9nergie, les besoins sont \u00e9normes et il faut tout faire pour qu\u2019elle puisse avoir acc\u00e8s \u00e0 de l\u2019\u00e9nergie de qualit\u00e9 et qu\u2019elle ait \u00e9conomiquement la possibilit\u00e9 de se l\u2019octroyer \u00bb, a-t-il soulign\u00e9.<\/p>\n<p>Dr Ou\u00e9draogo a exprim\u00e9 sa satisfaction au regard de l\u2019avancement des travaux et salu\u00e9 la synergie entre l\u2019entreprise et la SONABEL pour r\u00e9ussir ce projet. \u00ab Nous les f\u00e9licitons et les encourageons \u00e0 poursuivre le m\u00eame \u00e9lan \u00bb, a-t-il indiqu\u00e9. A la lenteur du d\u00e9caissement des fonds de construction de la nouvelle centrale soulev\u00e9e par le PDG de TECMON, Dr Ou\u00e9draogo a promis faire de son mieux pour qu\u2019une solution soit trouv\u00e9e.<\/p>\n<p>\u00ab Notre administration a ses r\u00e8gles qui ne facilitent pas le travail des entrepreneurs sur le terrain. Nous avons pris bonne note et nous ferons tout pour les soulager. J\u2019aurai une s\u00e9ance de travail avec le ministre en charge des finances pour voir ce qui peut \u00eatre fait dans ce sens\u00bb, a-t-il rassur\u00e9.<\/p>\n<h3>Des machines pr\u00eates \u00e0 affronter la canicule<\/h3>\n<p><img loading=\"lazy\" decoding=\"async\" class=\"size-medium wp-image-19219\" src=\"https:\/\/i0.wp.com\/www.sidwaya.info\/wp-content\/uploads\/2020\/02\/kossodo2.gif?resize=300%2C200&#038;ssl=1\" alt=\"\" width=\"300\" height=\"200\" srcset=\"https:\/\/i0.wp.com\/www.sidwaya.info\/wp-content\/uploads\/2020\/02\/kossodo2.gif?resize=300%2C200&#038;ssl=1 300w, https:\/\/i0.wp.com\/www.sidwaya.info\/wp-content\/uploads\/2020\/02\/kossodo2.gif?resize=768%2C512&#038;ssl=1 768w, https:\/\/i0.wp.com\/www.sidwaya.info\/wp-content\/uploads\/2020\/02\/kossodo2.gif?resize=696%2C464&#038;ssl=1 696w, https:\/\/i0.wp.com\/www.sidwaya.info\/wp-content\/uploads\/2020\/02\/kossodo2.gif?resize=630%2C420&#038;ssl=1 630w\" sizes=\"auto, (max-width: 300px) 100vw, 300px\" data-recalc-dims=\"1\"\/>Les r\u00e9servoirs du parc combustible sont en train d\u2019\u00eatre mont\u00e9s.<\/p>\n<p>Avant l\u2019\u00e9tape du chantier de construction, le ministre est pass\u00e9 par la centrale existante qui produit 50 MW d\u2019\u00e9lectricit\u00e9. En pr\u00e9vision de la p\u00e9riode de pointe qui s\u2019annonce avec une forte demande en \u00e9lectricit\u00e9, la maintenance a \u00e9t\u00e9 faite et les machines sont d\u2019appoint pour affronter la canicule. Aux travailleurs qui luttent quotidiennement pour assurer la production de l\u2019\u00e9lectricit\u00e9, le ministre a traduit la reconnaissance des premi\u00e8res autorit\u00e9s du pays. Il les a exhort\u00e9s \u00e0 maintenir le cap de l\u2019engagement au travail pour affronter la p\u00e9riode de forte demande qui se pr\u00e9sente.<\/p>\n<p>\u00ab Nous nous acheminons vers la p\u00e9riode de pointe qui est difficile pour nous tous. Il faut redoubler d\u2019efforts parce qu\u2019il y a beaucoup de choses \u00e0 faire. Avec votre abn\u00e9gation au travail, je suis certain que nous allons atteindre de meilleurs r\u00e9sultats \u00bb, a soulign\u00e9 le ministre. Et de pr\u00e9ciser que les travaux d\u2019extension de la centrale viendront r\u00e9soudre beaucoup de difficult\u00e9s. \u00ab Nous sommes tous les maillons d\u2019une cha\u00eene et vous constituez les maillons les plus importants.<\/p>\n<p>Nous sommes conscients de ce que vous faites et c\u2019est ce qui m\u2019am\u00e8ne vers vous aujourd\u2019hui \u00bb, a laiss\u00e9 entendre Dr Bachir Isma\u00ebl Ou\u00e9draogo.<br \/>Au nom de ses coll\u00e8gues, le chef de la section \u00e9lectrique, F\u00e9lix Topan, a traduit sa gratitude au ministre pour sa visite qui est pour eux un honneur et un signe d\u2019encouragement. \u00ab Nous sommes des ouvriers combl\u00e9s d\u2019avoir un ministre aussi encourageant \u00bb, a-t-il dit.<br \/>Situ\u00e9e au Nord-Est de Ouagadougou, la centrale \u00e9lectrique de Kossodo contribue \u00e0 satisfaire la demande d\u2019\u00e9nergie \u00e9lectrique du r\u00e9seau interconnect\u00e9. Elle compte actuellement huit groupes \u00e9lectrog\u00e8nes install\u00e9s en plusieurs phases.<\/p>\n<p class=\"c1\"><strong>Karim BADOLO<\/strong><\/p>\n<div class=\"td-a-rec td-a-rec-id-content_bottom tdi_30_a5a td_block_template_1\"><img loading=\"lazy\" decoding=\"async\" class=\"aligncenter size-full wp-image-9623\" src=\"https:\/\/www.sidwaya.info\/wp-content\/uploads\/2019\/06\/Projet-bannie%CC%80re-Orange-mobile.jpg\" alt=\"\" width=\"728\" height=\"81\"\/><\/div>\n<p>Auteur: JK. Sidwaya<br \/>\n<a href=\"https:\/\/www.sidwaya.info\/blog\/2020\/02\/16\/centrale-electrique-de-kossodo-les-travaux-dextension-executes-a-69\/\">Cliquez ici pour lire l&rsquo;article depuis sa source.<\/a><\/p>\n","protected":false},"excerpt":{"rendered":"<p>Le ministre de l\u2019\u00e9nergie, Dr Bachir Isma\u00ebl Ou\u00e9draogo (milieu) a dit sa satisfaction de voir les travaux d\u2019extension de la centrale avancer convenablement. Le ministre de l\u2019Energie, Dr Bachir Isma\u00ebl Ou\u00e9draogo, s\u2019est rendu \u00e0 la centrale \u00e9lectrique de Kossodo, \u00e0 Ouagadougou, le vendredi 14 f\u00e9vrier 2020. Il a visit\u00e9 le chantier de renforcement de l\u2019ouvrage [&hellip;]<\/p>\n","protected":false},"author":1816,"featured_media":0,"comment_status":"closed","ping_status":"closed","sticky":false,"template":"","format":"standard","meta":{"fifu_image_url":"","fifu_image_alt":"","footnotes":""},"categories":[73,81],"tags":[],"class_list":["post-76301","post","type-post","status-publish","format-standard","hentry","category-actualite","category-burkina-faso"],"_links":{"self":[{"href":"https:\/\/linitiative.ca\/International\/wp-json\/wp\/v2\/posts\/76301","targetHints":{"allow":["GET"]}}],"collection":[{"href":"https:\/\/linitiative.ca\/International\/wp-json\/wp\/v2\/posts"}],"about":[{"href":"https:\/\/linitiative.ca\/International\/wp-json\/wp\/v2\/types\/post"}],"author":[{"embeddable":true,"href":"https:\/\/linitiative.ca\/International\/wp-json\/wp\/v2\/users\/1816"}],"replies":[{"embeddable":true,"href":"https:\/\/linitiative.ca\/International\/wp-json\/wp\/v2\/comments?post=76301"}],"version-history":[{"count":0,"href":"https:\/\/linitiative.ca\/International\/wp-json\/wp\/v2\/posts\/76301\/revisions"}],"wp:attachment":[{"href":"https:\/\/linitiative.ca\/International\/wp-json\/wp\/v2\/media?parent=76301"}],"wp:term":[{"taxonomy":"category","embeddable":true,"href":"https:\/\/linitiative.ca\/International\/wp-json\/wp\/v2\/categories?post=76301"},{"taxonomy":"post_tag","embeddable":true,"href":"https:\/\/linitiative.ca\/International\/wp-json\/wp\/v2\/tags?post=76301"}],"curies":[{"name":"wp","href":"https:\/\/api.w.org\/{rel}","templated":true}]}}