{"id":76302,"date":"2020-02-16T17:26:04","date_gmt":"2020-02-16T22:26:04","guid":{"rendered":"https:\/\/linitiative.ca\/International\/affectation-de-policiers-aux-affaires-etrangeres-le-ministre-alpha-barry-sexplique\/"},"modified":"2020-02-16T17:26:04","modified_gmt":"2020-02-16T22:26:04","slug":"affectation-de-policiers-aux-affaires-etrangeres-le-ministre-alpha-barry-sexplique","status":"publish","type":"post","link":"https:\/\/linitiative.ca\/International\/affectation-de-policiers-aux-affaires-etrangeres-le-ministre-alpha-barry-sexplique\/","title":{"rendered":"Affectation de policiers aux Affaires \u00e9trang\u00e8res : Le ministre Alpha Barry  s\u2019explique"},"content":{"rendered":"<div class=\"td-post-featured-image\" readability=\"32\"><a href=\"https:\/\/i1.wp.com\/www.sidwaya.info\/wp-content\/uploads\/2020\/02\/policiers.gif?fit=787%2C496&#038;ssl=1\" data-caption=\"Le ministre Alpha Barry : \u00ab J\u2019en appelle \u00e0 la sagesse et \u00e0 la responsabilit\u00e9 de tous \u00bb.\"><img loading=\"lazy\" decoding=\"async\" width=\"696\" height=\"439\" class=\"entry-thumb td-modal-image\" src=\"https:\/\/i1.wp.com\/www.sidwaya.info\/wp-content\/uploads\/2020\/02\/policiers.gif?resize=696%2C439&#038;ssl=1\" alt=\"\" title=\"policiers\"\/><\/a>Le ministre Alpha Barry : \u00ab J\u2019en appelle \u00e0 la sagesse et \u00e0 la responsabilit\u00e9 de tous \u00bb.<\/div>\n<p><strong>Dans les lignes qui suivent, le ministre des Affaires \u00e9trang\u00e8res et de la Coop\u00e9ration, Alpha Barry, justifie l\u2019affectation de policiers au sein de son d\u00e9partement par la n\u00e9cessit\u00e9 de renforcer la s\u00e9curit\u00e9 des ambassades et consulats notamment en Afrique de l\u2019Ouest et au Tchad.<\/strong><\/p>\n<p>C\u2019est une affaire dont on ne devrait pas parler publiquement. Parce qu\u2019il s\u2019agit de s\u00e9curit\u00e9 (de Burkinab\u00e8 notamment) et de s\u00fbret\u00e9 de l\u2019Etat. Malheureusement, l\u2019affaire a \u00e9t\u00e9 port\u00e9e sur la place publique par le Syndicat des Agents du Minist\u00e8re des Affaires \u00c9trang\u00e8res (SAMAE). Ainsi, ce dossier qui devait demeurer confidentiel ou \u00e0 tout le moins interne est devenu un sujet de d\u00e9bat public.<\/p>\n<p>Cette fois-ci, ce n\u2019est m\u00eame pas par une fuite organis\u00e9e ou malencontreuse mais par une conf\u00e9rence de presse, par une d\u00e9claration Urbi et Orbi, c\u2019est-\u00e0-dire \u00e0 la ville et au monde. C\u2019est tout simplement regrettable !<br \/>J\u2019ai re\u00e7u vendredi le bureau du SAMAE pour lui faire part de mon sentiment et \u00e9changer sur la question. Tout \u00e9tant d\u00e9sormais jet\u00e9 sur la place publique avec un d\u00e9bat tr\u00e8s anim\u00e9 sur les r\u00e9seaux sociaux, je me sens donc oblig\u00e9 de m\u2019expliquer sur cette affaire.<br \/>De quoi s\u2019agit-il ?<\/p>\n<p>Depuis deux ans, je re\u00e7ois de nos Ambassades et Consulats, des alertes et des requ\u00eates pour la s\u00e9curisation de leurs locaux. C\u2019est ainsi que j\u2019ai pr\u00e9sent\u00e9 en Conseil des Ministres courant 2018, un dossier pour me permettre de prendre des mesures pour deux de nos repr\u00e9sentations dans un pays voisin pour qui, il \u00e9tait urgent d\u2019agir au regard des informations re\u00e7ues. Le Conseil a non seulement approuv\u00e9 le dossier, mais il a surtout estim\u00e9 que pour ce genre de mesures, on n\u2019a pas besoin d\u2019une d\u00e9cision de sa part pour les prendre.<\/p>\n<p>C\u2019est alors que j\u2019ai confi\u00e9 depuis 2018, le dossier \u00e0 un de mes conseillers techniques, l\u2019Ambassadeur Der Kogda. J\u2019en ai tenu inform\u00e9 le bureau du SAMAE. Et jusqu\u2019\u00e0 lundi dernier 10 f\u00e9vrier 2020, je n\u2019ai jamais re\u00e7u une opposition de la part du Syndicat contre ce projet.<\/p>\n<p>La mission confi\u00e9e au Conseiller technique consistait \u00e0 faire le point des besoins exprim\u00e9s par nos diff\u00e9rentes repr\u00e9sentations et une \u00e9valuation de la menace s\u00e9curitaire qui p\u00e8se sur notre pays et sur la r\u00e9gion et le risque pour nos repr\u00e9sentations diplomatiques. Cette \u00e9valuation a conclu sur la n\u00e9cessit\u00e9 de renforcer la s\u00e9curit\u00e9 dans nos 15 ambassades et consulats g\u00e9n\u00e9raux en Afrique de l\u2019Ouest et au Tchad. Objectif : prot\u00e9ger ces hauts lieux de repr\u00e9sentation nationale, o\u00f9 flotte notre drapeau et prot\u00e9ger ceux qui y travaillent y compris nos diplomates. Voil\u00e0 c\u2019est tout ! C\u2019est vraiment de cela qu\u2019il s\u2019agit. Le reste n\u2019est que rumeurs, imaginations, sp\u00e9culations et extrapolations.<br \/>La mise \u00e0 disposition d\u2019agents de police n\u2019est qu\u2019un des premiers volets des mesures envisag\u00e9es.<\/p>\n<p>Je suis le chef d\u2019une administration o\u00f9 on me pose des probl\u00e8mes de s\u00e9curit\u00e9, \u00e0 ma place que feriez-vous si ce n\u2019est de prendre vos responsabilit\u00e9s ? Dois-je attendre que l\u2019irr\u00e9parable se produise avant de courir apr\u00e8s des solutions ? Pour moi, c\u2019est non. Donc il me fallait prendre mes responsabilit\u00e9s sur cette question, surtout dans le contexte o\u00f9 il est d\u00e9sormais clair que notre pays est particuli\u00e8rement vis\u00e9 par les terroristes. Surtout aussi que nous avons \u00e9t\u00e9 t\u00e9moins de l\u2019attaque contre l\u2019Ambassade de France \u00e0 Ouagadougou.<br \/>Que se serait-il pass\u00e9 ce 2 mars 2018 si les portes d\u2019entr\u00e9e de l\u2019Ambassade de France n\u2019\u00e9taient pas blind\u00e9es ? Que se serait-il pass\u00e9 ce jour-l\u00e0 si \u00e0 l\u2019int\u00e9rieur de cette chancellerie il n\u2019y avait pas d\u2019\u00e9l\u00e9ments fran\u00e7ais arm\u00e9s pour r\u00e9agir \u00e0 temps et contenir la situation avant l\u2019arriv\u00e9e des forces burkinab\u00e8?<\/p>\n<p>Partout o\u00f9 il est question de s\u00e9curit\u00e9 de Burkinab\u00e8 dans une de nos Repr\u00e9sentations diplomatiques, je me dois d\u2019agir en toute responsabilit\u00e9 avec les moyens qui sont les n\u00f4tres. De m\u00eame, toute enclave \u00e0 l\u2019ext\u00e9rieur o\u00f9 flotte le drapeau national, c\u2019est un devoir pour moi de pr\u00e9server son int\u00e9grit\u00e9. Je ne voudrais pas manquer \u00e0 ce devoir qui est le mien, ni manquer de prendre ces responsabilit\u00e9s qui sont les miennes.<br \/>Dans une Ambassade ou dans un Consulat, il y a des fonctions pr\u00e9cises d\u00e9volues exclusivement aux diplomates. Et ce n\u2019est pas \u00e0 un policier que je viendrai \u00e0 confier ces fonctions diplomatiques.<\/p>\n<p>J\u2019en appelle donc \u00e0 la sagesse et \u00e0 la responsabilit\u00e9 de tous dans l\u2019approche de cette question. Et qu\u2019en toute responsabilit\u00e9, nous puissions \u00e9voquer nos questions sensibles \u00e0 l\u2019interne avant de les d\u00e9verser \u00e0 la face du monde. Porter ce d\u00e9bat sur la place publique n\u2019honore ni notre pays le Burkina, ni sa diplomatie encore moins les agents qui agissent ainsi et non plus tous ceux qui approuvent ces m\u00e9thodes. C\u2019est pourquoi je t\u00e9moigne ici ma reconnaissance \u00e0 toutes les personnes et \u00e0 tous mes collaborateurs de la Centrale et de l\u2019\u00e9tranger qui ont compris le bien-fond\u00e9 du projet en cours et qui, depuis quelques jours, m\u2019apportent constamment leur soutien.<\/p>\n<p class=\"c1\">Merci \u00e0 tous !<\/p>\n<p class=\"c2\"><strong>Alpha BARRY<\/strong><br \/><strong>Ministre des Affaires Etrang\u00e8res et de la Coop\u00e9ratio<\/strong>n<\/p>\n<div class=\"td-a-rec td-a-rec-id-content_bottom tdi_30_5ce td_block_template_1\"><img loading=\"lazy\" decoding=\"async\" class=\"aligncenter size-full wp-image-9623\" src=\"https:\/\/www.sidwaya.info\/wp-content\/uploads\/2019\/06\/Projet-bannie%CC%80re-Orange-mobile.jpg\" alt=\"\" width=\"728\" height=\"81\"\/><\/div>\n<p>Auteur: JK. Sidwaya<br \/>\n<a href=\"https:\/\/www.sidwaya.info\/blog\/2020\/02\/16\/affectation-de-policiers-aux-affaires-etrangeres-le-ministre-alpha-barry-sexplique\/\">Cliquez ici pour lire l&rsquo;article depuis sa source.<\/a><\/p>\n","protected":false},"excerpt":{"rendered":"<p>Le ministre Alpha Barry : \u00ab J\u2019en appelle \u00e0 la sagesse et \u00e0 la responsabilit\u00e9 de tous \u00bb. Dans les lignes qui suivent, le ministre des Affaires \u00e9trang\u00e8res et de la Coop\u00e9ration, Alpha Barry, justifie l\u2019affectation de policiers au sein de son d\u00e9partement par la n\u00e9cessit\u00e9 de renforcer la s\u00e9curit\u00e9 des ambassades et consulats notamment [&hellip;]<\/p>\n","protected":false},"author":1816,"featured_media":0,"comment_status":"closed","ping_status":"closed","sticky":false,"template":"","format":"standard","meta":{"fifu_image_url":"","fifu_image_alt":"","footnotes":""},"categories":[73,81],"tags":[],"class_list":["post-76302","post","type-post","status-publish","format-standard","hentry","category-actualite","category-burkina-faso"],"_links":{"self":[{"href":"https:\/\/linitiative.ca\/International\/wp-json\/wp\/v2\/posts\/76302","targetHints":{"allow":["GET"]}}],"collection":[{"href":"https:\/\/linitiative.ca\/International\/wp-json\/wp\/v2\/posts"}],"about":[{"href":"https:\/\/linitiative.ca\/International\/wp-json\/wp\/v2\/types\/post"}],"author":[{"embeddable":true,"href":"https:\/\/linitiative.ca\/International\/wp-json\/wp\/v2\/users\/1816"}],"replies":[{"embeddable":true,"href":"https:\/\/linitiative.ca\/International\/wp-json\/wp\/v2\/comments?post=76302"}],"version-history":[{"count":0,"href":"https:\/\/linitiative.ca\/International\/wp-json\/wp\/v2\/posts\/76302\/revisions"}],"wp:attachment":[{"href":"https:\/\/linitiative.ca\/International\/wp-json\/wp\/v2\/media?parent=76302"}],"wp:term":[{"taxonomy":"category","embeddable":true,"href":"https:\/\/linitiative.ca\/International\/wp-json\/wp\/v2\/categories?post=76302"},{"taxonomy":"post_tag","embeddable":true,"href":"https:\/\/linitiative.ca\/International\/wp-json\/wp\/v2\/tags?post=76302"}],"curies":[{"name":"wp","href":"https:\/\/api.w.org\/{rel}","templated":true}]}}