{"id":76306,"date":"2020-02-16T14:50:04","date_gmt":"2020-02-16T19:50:04","guid":{"rendered":"https:\/\/linitiative.ca\/International\/iran-rohani-exclut-de-demissionner-malgre-les-difficultes\/"},"modified":"2020-02-16T14:50:04","modified_gmt":"2020-02-16T19:50:04","slug":"iran-rohani-exclut-de-demissionner-malgre-les-difficultes","status":"publish","type":"post","link":"https:\/\/linitiative.ca\/International\/iran-rohani-exclut-de-demissionner-malgre-les-difficultes\/","title":{"rendered":"Iran: Rohani exclut de d\u00e9missionner, malgr\u00e9 les difficult\u00e9s"},"content":{"rendered":"<div readability=\"32\">\n<p>Publi\u00e9 le 16.02.2020 \u00e0 20h50 par AFP<\/p>\n<\/div>\n<div readability=\"102\">\n<p>Le pr\u00e9sident iranien Hassan Rohani, dont la coalition politique appara\u00eet menac\u00e9e aux l\u00e9gislatives du 21 f\u00e9vrier, a exclu dimanche de d\u00e9missionner avant la fin de son mandat en 2021, m\u00eame s\u2019il a dit avoir pr\u00e9sent\u00e9 deux fois sa d\u00e9mission par le pass\u00e9.<\/p>\n<p>\u00ab\u00a0Une d\u00e9mission n\u2019aurait pas beaucoup de sens\u00a0\u00bb, a d\u00e9clar\u00e9 M. Rohani lors d\u2019une conf\u00e9rence de presse \u00e0 T\u00e9h\u00e9ran, ajoutant que son gouvernement allait \u00ab\u00a0continuer \u00e0 r\u00e9aliser (ses) promesses (malgr\u00e9) les conditions \u00e9conomiques et la pression de l\u2019ennemi\u00a0\u00bb.<\/p>\n<p>\u00ab\u00a0L\u2019id\u00e9e de d\u00e9missionner (\u00e0 cause de ces probl\u00e8mes) ne m\u2019est jamais venue \u00e0 l\u2019esprit\u00a0\u00bb, a-t-il insist\u00e9.<\/p>\n<p>M. Rohani, \u00e9lu en 2013 et r\u00e9\u00e9lu en 2017, a fait cette mise au point apr\u00e8s des rumeurs selon lesquelles il avait l\u2019intention de d\u00e9missionner avant la fin de son deuxi\u00e8me et dernier mandat.<\/p>\n<p>Le pr\u00e9sident a n\u00e9anmoins indiqu\u00e9 avoir propos\u00e9 sa d\u00e9mission par deux fois au guide supr\u00eame, l\u2019ayatollah Ali Khamenei, une premi\u00e8re fois entre sa premi\u00e8re \u00e9lection et son entr\u00e9e en fonction, et une deuxi\u00e8me fois au cours de son second mandat.<\/p>\n<p>Dans les deux cas, a assur\u00e9 le pr\u00e9sident, M. Khamenei a fermement rejet\u00e9 l\u2019id\u00e9e. Selon M. Rohani, le guide supr\u00eame aurait d\u00e9clar\u00e9: \u00ab\u00a0Je voudrais que vous continuiez \u00e0 servir jusqu\u2019\u00e0 la derni\u00e8re minute, et je soutiens le gouvernement\u00a0\u00bb.<\/p>\n<p>La deuxi\u00e8me fois, M. Khamenei aurait affirm\u00e9 selon le pr\u00e9sident qu\u2019il ne laisserait pas \u00ab\u00a0le gouvernement abandonner ses responsabilit\u00e9s ne serait-ce qu\u2019une heure\u00a0\u00bb avant le terme de son mandat.<\/p>\n<p>La coalition des mod\u00e9r\u00e9s et des r\u00e9formateurs soutenant M. Rohani appara\u00eet en mauvaise posture \u00e0 l\u2019approche des l\u00e9gislatives de vendredi, qui pourraient \u00eatre marqu\u00e9es par une forte abstention, cens\u00e9e profiter aux conservateurs et ultraconservateurs.<\/p>\n<p>La R\u00e9publique islamique a plong\u00e9 dans une violente r\u00e9cession, dont elle peine \u00e0 sortir, apr\u00e8s le retrait en 2018 des Etats-Unis de l\u2019accord international sur le nucl\u00e9aire iranien, conclu en 2015 \u2013 sous l\u2019impulsion de M. Rohani \u2013 entre T\u00e9h\u00e9ran et le groupe 5+1 (Chine, Etats-Unis, France, Grande-Bretagne, Russie et Allemagne).<\/p>\n<p>A la suite de ce retrait, Washington \u2013 qui accuse T\u00e9h\u00e9ran de chercher \u00e0 se doter de l\u2019arme nucl\u00e9aire, ce que l\u2019Iran a toujours ni\u00e9 \u2013 a r\u00e9tabli \u00e0 l\u2019encontre de la R\u00e9publique islamique les sanctions \u00e9conomiques que les Etats-Unis avaient suspendues en vertu de cet accord.<\/p>\n<p>Fortement critiqu\u00e9 sur le plan int\u00e9rieur pour l\u2019\u00e9chec de sa politique d\u2019ouverture avec l\u2019Occident, M. Rohani a appel\u00e9 devant la presse les Iraniens \u00ab\u00a0\u00e0 se rendre aux urnes et \u00e0 voter\u00a0\u00bb le 21 f\u00e9vrier malgr\u00e9 l\u2019invalidation des candidatures de milliers de mod\u00e9r\u00e9s et r\u00e9formateurs.<\/p>\n<\/div>\n<p>Auteur: AFP<br \/>\n<a href=\"https:\/\/www.journalducameroun.com\/iran-rohani-exclut-de-demissionner-malgre-les-difficultes\/\">Cliquez ici pour lire l&rsquo;article depuis sa source.<\/a><\/p>\n","protected":false},"excerpt":{"rendered":"<p>Publi\u00e9 le 16.02.2020 \u00e0 20h50 par AFP Le pr\u00e9sident iranien Hassan Rohani, dont la coalition politique appara\u00eet menac\u00e9e aux l\u00e9gislatives du 21 f\u00e9vrier, a exclu dimanche de d\u00e9missionner avant la fin de son mandat en 2021, m\u00eame s\u2019il a dit avoir pr\u00e9sent\u00e9 deux fois sa d\u00e9mission par le pass\u00e9. \u00ab\u00a0Une d\u00e9mission n\u2019aurait pas beaucoup de [&hellip;]<\/p>\n","protected":false},"author":1965,"featured_media":0,"comment_status":"closed","ping_status":"closed","sticky":false,"template":"","format":"standard","meta":{"fifu_image_url":"","fifu_image_alt":"","footnotes":""},"categories":[73,82],"tags":[],"class_list":["post-76306","post","type-post","status-publish","format-standard","hentry","category-actualite","category-cameroun"],"_links":{"self":[{"href":"https:\/\/linitiative.ca\/International\/wp-json\/wp\/v2\/posts\/76306","targetHints":{"allow":["GET"]}}],"collection":[{"href":"https:\/\/linitiative.ca\/International\/wp-json\/wp\/v2\/posts"}],"about":[{"href":"https:\/\/linitiative.ca\/International\/wp-json\/wp\/v2\/types\/post"}],"author":[{"embeddable":true,"href":"https:\/\/linitiative.ca\/International\/wp-json\/wp\/v2\/users\/1965"}],"replies":[{"embeddable":true,"href":"https:\/\/linitiative.ca\/International\/wp-json\/wp\/v2\/comments?post=76306"}],"version-history":[{"count":0,"href":"https:\/\/linitiative.ca\/International\/wp-json\/wp\/v2\/posts\/76306\/revisions"}],"wp:attachment":[{"href":"https:\/\/linitiative.ca\/International\/wp-json\/wp\/v2\/media?parent=76306"}],"wp:term":[{"taxonomy":"category","embeddable":true,"href":"https:\/\/linitiative.ca\/International\/wp-json\/wp\/v2\/categories?post=76306"},{"taxonomy":"post_tag","embeddable":true,"href":"https:\/\/linitiative.ca\/International\/wp-json\/wp\/v2\/tags?post=76306"}],"curies":[{"name":"wp","href":"https:\/\/api.w.org\/{rel}","templated":true}]}}