{"id":76307,"date":"2020-02-16T14:50:06","date_gmt":"2020-02-16T19:50:06","guid":{"rendered":"https:\/\/linitiative.ca\/International\/rdc-au-moins-14-morts-a-kinshasa-dans-un-accident-de-la-route-nouveau-bilan\/"},"modified":"2020-02-16T14:50:06","modified_gmt":"2020-02-16T19:50:06","slug":"rdc-au-moins-14-morts-a-kinshasa-dans-un-accident-de-la-route-nouveau-bilan","status":"publish","type":"post","link":"https:\/\/linitiative.ca\/International\/rdc-au-moins-14-morts-a-kinshasa-dans-un-accident-de-la-route-nouveau-bilan\/","title":{"rendered":"RDC: au moins 14 morts \u00e0 Kinshasa dans un accident de la route (nouveau bilan)"},"content":{"rendered":"<div readability=\"32\">\n<p>Publi\u00e9 le 16.02.2020 \u00e0 20h50 par AFP<\/p>\n<\/div>\n<div readability=\"73\">\n<p>Au moins 14 personnes ont \u00e9t\u00e9 tu\u00e9es et plusieurs bless\u00e9es dimanche \u00e0 Kinshasa dans la spectaculaire collision d\u2019un camion qui a percut\u00e9 d\u2019autres v\u00e9hicules et fauch\u00e9 des passants \u00e0 la suite d\u2019un probl\u00e8me de freins, selon un nouveau bilan.<\/p>\n<p>\u00ab\u00a0Jusqu\u2019\u00e0 maintenant, il y a 14 d\u00e9c\u00e8s et plusieurs bless\u00e9s. On peut avoir plus de 30 bless\u00e9s\u00a0\u00bb, a d\u00e9clar\u00e9 le ministre de la Sant\u00e9, le Dr Eteni Longodo depuis une clinique situ\u00e9e \u00e0 c\u00f4t\u00e9 des lieux de l\u2019accident.<\/p>\n<p>En d\u00e9but d\u2019apr\u00e8s-midi, la police faisait \u00e9tat de dix morts et 41 bless\u00e9s.<\/p>\n<p>Le chauffeur d\u2019un camion-benne a perdu le contr\u00f4le de son v\u00e9hicule quand il descendait une rue pr\u00e8s du campus de l\u2019universit\u00e9 de Kinshasa (Unikin).<\/p>\n<p>Une panne de frein est \u00e0 l\u2019origine de l\u2019accident, selon plusieurs sources. Le camion \u00ab\u00a0a percut\u00e9 huit v\u00e9hicules. Il y a tellement de morts que je n\u2019en reviens pas\u00a0\u00bb, a d\u00e9clar\u00e9 \u00e0 l\u2019AFP une t\u00e9moin, Yasmine Lutonadio.<\/p>\n<p>Sur place, l\u2019AFPTV a vu une demi-douzaine de v\u00e9hicules fracass\u00e9s, dont deux mini-bus et trois voitures.<\/p>\n<p>\u00ab\u00a0Le gouvernement est l\u00e0. Nous nous occupons de la population. Nous allons faire en sorte que tout le monde puisse b\u00e9n\u00e9ficier de soins de qualit\u00e9\u00a0\u00bb, a promis le ministre de la Sant\u00e9.<\/p>\n<p>Les Congolais se plaignent souvent de l\u2019absence des pouvoirs publics dans les nombreuses trag\u00e9dies qui \u00e9maillent leur vie quotidienne (accidents de la route et naufrages sur les voies navigables\u2026.).<\/p>\n<p>Egalement pr\u00e9sent sur place, le ministre de l\u2019Int\u00e9rieur Gilbert Kokande a envisag\u00e9 des \u00ab\u00a0mesures pr\u00e9ventives que nous pourrions prendre\u00a0\u00bb pour \u00ab\u00a0\u00e9viter\u00a0\u00bb des exc\u00e8s de vitesse sur cette rue en pente entre l\u2019universit\u00e9 et un croisement tr\u00e8s fr\u00e9quent\u00e9.<\/p>\n<\/div>\n<p>Auteur: AFP<br \/>\n<a href=\"https:\/\/www.journalducameroun.com\/rdc-au-moins-14-morts-a-kinshasa-dans-un-accident-de-la-route-nouveau-bilan\/\">Cliquez ici pour lire l&rsquo;article depuis sa source.<\/a><\/p>\n","protected":false},"excerpt":{"rendered":"<p>Publi\u00e9 le 16.02.2020 \u00e0 20h50 par AFP Au moins 14 personnes ont \u00e9t\u00e9 tu\u00e9es et plusieurs bless\u00e9es dimanche \u00e0 Kinshasa dans la spectaculaire collision d\u2019un camion qui a percut\u00e9 d\u2019autres v\u00e9hicules et fauch\u00e9 des passants \u00e0 la suite d\u2019un probl\u00e8me de freins, selon un nouveau bilan. \u00ab\u00a0Jusqu\u2019\u00e0 maintenant, il y a 14 d\u00e9c\u00e8s et plusieurs [&hellip;]<\/p>\n","protected":false},"author":1965,"featured_media":0,"comment_status":"closed","ping_status":"closed","sticky":false,"template":"","format":"standard","meta":{"fifu_image_url":"","fifu_image_alt":"","footnotes":""},"categories":[73,82],"tags":[],"class_list":["post-76307","post","type-post","status-publish","format-standard","hentry","category-actualite","category-cameroun"],"_links":{"self":[{"href":"https:\/\/linitiative.ca\/International\/wp-json\/wp\/v2\/posts\/76307","targetHints":{"allow":["GET"]}}],"collection":[{"href":"https:\/\/linitiative.ca\/International\/wp-json\/wp\/v2\/posts"}],"about":[{"href":"https:\/\/linitiative.ca\/International\/wp-json\/wp\/v2\/types\/post"}],"author":[{"embeddable":true,"href":"https:\/\/linitiative.ca\/International\/wp-json\/wp\/v2\/users\/1965"}],"replies":[{"embeddable":true,"href":"https:\/\/linitiative.ca\/International\/wp-json\/wp\/v2\/comments?post=76307"}],"version-history":[{"count":0,"href":"https:\/\/linitiative.ca\/International\/wp-json\/wp\/v2\/posts\/76307\/revisions"}],"wp:attachment":[{"href":"https:\/\/linitiative.ca\/International\/wp-json\/wp\/v2\/media?parent=76307"}],"wp:term":[{"taxonomy":"category","embeddable":true,"href":"https:\/\/linitiative.ca\/International\/wp-json\/wp\/v2\/categories?post=76307"},{"taxonomy":"post_tag","embeddable":true,"href":"https:\/\/linitiative.ca\/International\/wp-json\/wp\/v2\/tags?post=76307"}],"curies":[{"name":"wp","href":"https:\/\/api.w.org\/{rel}","templated":true}]}}